{"id":84,"date":"2025-12-08T00:00:00","date_gmt":"2025-12-07T23:00:00","guid":{"rendered":"http:\/\/stadt-adventskalender.de\/goerlitz2019\/?p=84"},"modified":"2025-11-17T22:32:29","modified_gmt":"2025-11-17T21:32:29","slug":"08-2","status":"publish","type":"post","link":"https:\/\/stadt-adventskalender.de\/goerlitz2019\/08-2\/","title":{"rendered":"08"},"content":{"rendered":"<h1>8<img loading=\"lazy\" decoding=\"async\" class=\"alignnone wp-image-36 size-full\" src=\"https:\/\/stadt-adventskalender.de\/goerlitz2019\/wp-content\/uploads\/sites\/15\/2019\/10\/08.png\" alt=\"\" width=\"300\" height=\"300\" srcset=\"https:\/\/stadt-adventskalender.de\/goerlitz2019\/wp-content\/uploads\/sites\/15\/2019\/10\/08.png 300w, https:\/\/stadt-adventskalender.de\/goerlitz2019\/wp-content\/uploads\/sites\/15\/2019\/10\/08-150x150.png 150w\" sizes=\"auto, (max-width: 300px) 100vw, 300px\" \/><\/h1>\n<h4>Hammer und Zirkel &#8230;<\/h4>\n<p>\u2026 Schl\u00fcssel und Zange; im Kaufmannshaus am Demianiplatz sollte urspr\u00fcnglich eine Eisenwarenhandlung untergebracht werden. Deshalb schm\u00fcckt Eisen in unterschiedlichsten Formen die Jugendstilfassade des Hauses von 1901. Sehr viel fr\u00fcher hing hier ein h\u00f6lzernes Schild mit einem Strau\u00df, das h\u00fcbsche Federvieh sollte mit dem Hufeisen im Schnabel die G\u00e4ste ins gleichnamige Lokal locken. Heute l\u00e4dt das Hotel \u201eZum Goldenen Strau\u00df\u201c auch zum \u00dcbernachten ein, das Holzschild hingegen ist in die stadtgeschichtliche Ausstellung in den Kaisertrutz gewandert.<\/p>\n","protected":false},"excerpt":{"rendered":"<p>8 Hammer und Zirkel &#8230; \u2026 Schl\u00fcssel und Zange; im Kaufmannshaus am Demianiplatz sollte urspr\u00fcnglich eine Eisenwarenhandlung untergebracht werden. Deshalb schm\u00fcckt Eisen in unterschiedlichsten Formen die Jugendstilfassade des Hauses von 1901. Sehr viel fr\u00fcher hing hier ein h\u00f6lzernes Schild mit einem Strau\u00df, das h\u00fcbsche Federvieh sollte mit dem Hufeisen im Schnabel die G\u00e4ste ins gleichnamige &hellip; <a href=\"https:\/\/stadt-adventskalender.de\/goerlitz2019\/08-2\/\" class=\"more-link\"><span class=\"screen-reader-text\">08<\/span> weiterlesen<\/a><\/p>\n","protected":false},"author":1,"featured_media":0,"comment_status":"closed","ping_status":"open","sticky":false,"template":"","format":"standard","meta":{"footnotes":""},"categories":[4],"tags":[],"class_list":["post-84","post","type-post","status-publish","format-standard","hentry","category-alle-offenen-turchen"],"translation":{"provider":"WPGlobus","version":"3.0.0","language":"de","enabled_languages":["de","en"],"languages":{"de":{"title":true,"content":true,"excerpt":false},"en":{"title":true,"content":true,"excerpt":false}}},"publishpress_future_action":{"enabled":false,"date":"2026-05-09 11:06:45","action":"change-status","newStatus":"draft","terms":[],"taxonomy":"category","extraData":[]},"publishpress_future_workflow_manual_trigger":{"enabledWorkflows":[]},"_links":{"self":[{"href":"https:\/\/stadt-adventskalender.de\/goerlitz2019\/wp-json\/wp\/v2\/posts\/84","targetHints":{"allow":["GET"]}}],"collection":[{"href":"https:\/\/stadt-adventskalender.de\/goerlitz2019\/wp-json\/wp\/v2\/posts"}],"about":[{"href":"https:\/\/stadt-adventskalender.de\/goerlitz2019\/wp-json\/wp\/v2\/types\/post"}],"author":[{"embeddable":true,"href":"https:\/\/stadt-adventskalender.de\/goerlitz2019\/wp-json\/wp\/v2\/users\/1"}],"replies":[{"embeddable":true,"href":"https:\/\/stadt-adventskalender.de\/goerlitz2019\/wp-json\/wp\/v2\/comments?post=84"}],"version-history":[{"count":6,"href":"https:\/\/stadt-adventskalender.de\/goerlitz2019\/wp-json\/wp\/v2\/posts\/84\/revisions"}],"predecessor-version":[{"id":488,"href":"https:\/\/stadt-adventskalender.de\/goerlitz2019\/wp-json\/wp\/v2\/posts\/84\/revisions\/488"}],"wp:attachment":[{"href":"https:\/\/stadt-adventskalender.de\/goerlitz2019\/wp-json\/wp\/v2\/media?parent=84"}],"wp:term":[{"taxonomy":"category","embeddable":true,"href":"https:\/\/stadt-adventskalender.de\/goerlitz2019\/wp-json\/wp\/v2\/categories?post=84"},{"taxonomy":"post_tag","embeddable":true,"href":"https:\/\/stadt-adventskalender.de\/goerlitz2019\/wp-json\/wp\/v2\/tags?post=84"}],"curies":[{"name":"wp","href":"https:\/\/api.w.org\/{rel}","templated":true}]}}