{"id":82,"date":"2025-12-07T00:00:00","date_gmt":"2025-12-06T23:00:00","guid":{"rendered":"http:\/\/stadt-adventskalender.de\/goerlitz2019\/?p=82"},"modified":"2025-11-17T22:32:51","modified_gmt":"2025-11-17T21:32:51","slug":"07-2","status":"publish","type":"post","link":"https:\/\/stadt-adventskalender.de\/goerlitz2019\/07-2\/","title":{"rendered":"07"},"content":{"rendered":"<h1>7<img loading=\"lazy\" decoding=\"async\" class=\"alignnone wp-image-35 size-full\" src=\"https:\/\/stadt-adventskalender.de\/goerlitz2019\/wp-content\/uploads\/sites\/15\/2019\/10\/07.png\" alt=\"\" width=\"300\" height=\"300\" srcset=\"https:\/\/stadt-adventskalender.de\/goerlitz2019\/wp-content\/uploads\/sites\/15\/2019\/10\/07.png 300w, https:\/\/stadt-adventskalender.de\/goerlitz2019\/wp-content\/uploads\/sites\/15\/2019\/10\/07-150x150.png 150w\" sizes=\"auto, (max-width: 300px) 100vw, 300px\" \/><\/h1>\n<h4>D\u00e4monisch<\/h4>\n<p>Die angesehensten B\u00fcrger der Stadt wohnten in den repr\u00e4sentativen Hallenh\u00e4usern. Ihren Wohlstand verdankten sie dem Handel mit Tuch.<br \/>\nWenn man der Petersstra\u00dfe entlang zu den Hallenh\u00e4usern am Untermarkt spaziert, \u00fcberrascht am Giebel des Hallenhauses Untermarkt 2 ein Teufel, der dort einen aus der Hauswand ragenden Holzbalken ziert. An ihm ist ein Flaschenzug befestigt, mit dem die Ware kraftsparend in die Lagerr\u00e4ume der oberen Hausgeschosse transportiert wurde.<\/p>\n","protected":false},"excerpt":{"rendered":"<p>7 D\u00e4monisch Die angesehensten B\u00fcrger der Stadt wohnten in den repr\u00e4sentativen Hallenh\u00e4usern. Ihren Wohlstand verdankten sie dem Handel mit Tuch. Wenn man der Petersstra\u00dfe entlang zu den Hallenh\u00e4usern am Untermarkt spaziert, \u00fcberrascht am Giebel des Hallenhauses Untermarkt 2 ein Teufel, der dort einen aus der Hauswand ragenden Holzbalken ziert. An ihm ist ein Flaschenzug befestigt, &hellip; <a href=\"https:\/\/stadt-adventskalender.de\/goerlitz2019\/07-2\/\" class=\"more-link\"><span class=\"screen-reader-text\">07<\/span> weiterlesen<\/a><\/p>\n","protected":false},"author":1,"featured_media":0,"comment_status":"closed","ping_status":"open","sticky":false,"template":"","format":"standard","meta":{"footnotes":""},"categories":[4],"tags":[],"class_list":["post-82","post","type-post","status-publish","format-standard","hentry","category-alle-offenen-turchen"],"translation":{"provider":"WPGlobus","version":"3.0.0","language":"de","enabled_languages":["de","en"],"languages":{"de":{"title":true,"content":true,"excerpt":false},"en":{"title":true,"content":true,"excerpt":false}}},"publishpress_future_action":{"enabled":false,"date":"2026-05-09 11:06:47","action":"change-status","newStatus":"draft","terms":[],"taxonomy":"category","extraData":[]},"publishpress_future_workflow_manual_trigger":{"enabledWorkflows":[]},"_links":{"self":[{"href":"https:\/\/stadt-adventskalender.de\/goerlitz2019\/wp-json\/wp\/v2\/posts\/82","targetHints":{"allow":["GET"]}}],"collection":[{"href":"https:\/\/stadt-adventskalender.de\/goerlitz2019\/wp-json\/wp\/v2\/posts"}],"about":[{"href":"https:\/\/stadt-adventskalender.de\/goerlitz2019\/wp-json\/wp\/v2\/types\/post"}],"author":[{"embeddable":true,"href":"https:\/\/stadt-adventskalender.de\/goerlitz2019\/wp-json\/wp\/v2\/users\/1"}],"replies":[{"embeddable":true,"href":"https:\/\/stadt-adventskalender.de\/goerlitz2019\/wp-json\/wp\/v2\/comments?post=82"}],"version-history":[{"count":8,"href":"https:\/\/stadt-adventskalender.de\/goerlitz2019\/wp-json\/wp\/v2\/posts\/82\/revisions"}],"predecessor-version":[{"id":414,"href":"https:\/\/stadt-adventskalender.de\/goerlitz2019\/wp-json\/wp\/v2\/posts\/82\/revisions\/414"}],"wp:attachment":[{"href":"https:\/\/stadt-adventskalender.de\/goerlitz2019\/wp-json\/wp\/v2\/media?parent=82"}],"wp:term":[{"taxonomy":"category","embeddable":true,"href":"https:\/\/stadt-adventskalender.de\/goerlitz2019\/wp-json\/wp\/v2\/categories?post=82"},{"taxonomy":"post_tag","embeddable":true,"href":"https:\/\/stadt-adventskalender.de\/goerlitz2019\/wp-json\/wp\/v2\/tags?post=82"}],"curies":[{"name":"wp","href":"https:\/\/api.w.org\/{rel}","templated":true}]}}