{"id":79,"date":"2025-12-06T00:00:00","date_gmt":"2025-12-05T23:00:00","guid":{"rendered":"http:\/\/stadt-adventskalender.de\/goerlitz2019\/?p=79"},"modified":"2025-11-17T22:33:29","modified_gmt":"2025-11-17T21:33:29","slug":"06-2","status":"publish","type":"post","link":"https:\/\/stadt-adventskalender.de\/goerlitz2019\/06-2\/","title":{"rendered":"06"},"content":{"rendered":"<h1>6<img loading=\"lazy\" decoding=\"async\" class=\"alignnone wp-image-34 size-full\" src=\"https:\/\/stadt-adventskalender.de\/goerlitz2019\/wp-content\/uploads\/sites\/15\/2019\/10\/06.png\" alt=\"\" width=\"300\" height=\"300\" srcset=\"https:\/\/stadt-adventskalender.de\/goerlitz2019\/wp-content\/uploads\/sites\/15\/2019\/10\/06.png 300w, https:\/\/stadt-adventskalender.de\/goerlitz2019\/wp-content\/uploads\/sites\/15\/2019\/10\/06-150x150.png 150w\" sizes=\"auto, (max-width: 300px) 100vw, 300px\" \/><\/h1>\n<h4>Es regnet Millionen<\/h4>\n<p>Ein Geldsegen ging ab 1995 auf die Stadt G\u00f6rlitz nieder. Jedes Jahr im Fr\u00fchjahr \u00fcberwies ein geheimnisvoller Spender eine Million D-Mark bzw. 511,500 Euro auf das Konto der eigens dazu errichteten Altstadtstiftung. Diese vergab im Laufe der Jahre insgesamt etwa 11 Millionen Euro an besonders f\u00f6rderungsw\u00fcrdige, kulturhistorisch herausragende Projekte. Mit einer letzten \u00dcberweisung endete im Jahre 2016 das M\u00e4rchen von der \u201eAltstadtmillion\u201c. Nach wie vor ranken sich wilde Spekulationen \u00fcber Herkunft und Grund der gener\u00f6sen Gabe.<\/p>\n","protected":false},"excerpt":{"rendered":"<p>6 Es regnet Millionen Ein Geldsegen ging ab 1995 auf die Stadt G\u00f6rlitz nieder. Jedes Jahr im Fr\u00fchjahr \u00fcberwies ein geheimnisvoller Spender eine Million D-Mark bzw. 511,500 Euro auf das Konto der eigens dazu errichteten Altstadtstiftung. Diese vergab im Laufe der Jahre insgesamt etwa 11 Millionen Euro an besonders f\u00f6rderungsw\u00fcrdige, kulturhistorisch herausragende Projekte. Mit einer &hellip; <a href=\"https:\/\/stadt-adventskalender.de\/goerlitz2019\/06-2\/\" class=\"more-link\"><span class=\"screen-reader-text\">06<\/span> weiterlesen<\/a><\/p>\n","protected":false},"author":1,"featured_media":0,"comment_status":"closed","ping_status":"open","sticky":false,"template":"","format":"standard","meta":{"footnotes":""},"categories":[4],"tags":[],"class_list":["post-79","post","type-post","status-publish","format-standard","hentry","category-alle-offenen-turchen"],"translation":{"provider":"WPGlobus","version":"3.0.0","language":"de","enabled_languages":["de","en"],"languages":{"de":{"title":true,"content":true,"excerpt":false},"en":{"title":true,"content":true,"excerpt":false}}},"publishpress_future_action":{"enabled":false,"date":"2026-05-09 11:06:42","action":"change-status","newStatus":"draft","terms":[],"taxonomy":"category","extraData":[]},"publishpress_future_workflow_manual_trigger":{"enabledWorkflows":[]},"_links":{"self":[{"href":"https:\/\/stadt-adventskalender.de\/goerlitz2019\/wp-json\/wp\/v2\/posts\/79","targetHints":{"allow":["GET"]}}],"collection":[{"href":"https:\/\/stadt-adventskalender.de\/goerlitz2019\/wp-json\/wp\/v2\/posts"}],"about":[{"href":"https:\/\/stadt-adventskalender.de\/goerlitz2019\/wp-json\/wp\/v2\/types\/post"}],"author":[{"embeddable":true,"href":"https:\/\/stadt-adventskalender.de\/goerlitz2019\/wp-json\/wp\/v2\/users\/1"}],"replies":[{"embeddable":true,"href":"https:\/\/stadt-adventskalender.de\/goerlitz2019\/wp-json\/wp\/v2\/comments?post=79"}],"version-history":[{"count":5,"href":"https:\/\/stadt-adventskalender.de\/goerlitz2019\/wp-json\/wp\/v2\/posts\/79\/revisions"}],"predecessor-version":[{"id":413,"href":"https:\/\/stadt-adventskalender.de\/goerlitz2019\/wp-json\/wp\/v2\/posts\/79\/revisions\/413"}],"wp:attachment":[{"href":"https:\/\/stadt-adventskalender.de\/goerlitz2019\/wp-json\/wp\/v2\/media?parent=79"}],"wp:term":[{"taxonomy":"category","embeddable":true,"href":"https:\/\/stadt-adventskalender.de\/goerlitz2019\/wp-json\/wp\/v2\/categories?post=79"},{"taxonomy":"post_tag","embeddable":true,"href":"https:\/\/stadt-adventskalender.de\/goerlitz2019\/wp-json\/wp\/v2\/tags?post=79"}],"curies":[{"name":"wp","href":"https:\/\/api.w.org\/{rel}","templated":true}]}}