{"id":75,"date":"2025-12-05T00:00:00","date_gmt":"2025-12-04T23:00:00","guid":{"rendered":"http:\/\/stadt-adventskalender.de\/goerlitz2019\/?p=75"},"modified":"2025-11-17T22:33:35","modified_gmt":"2025-11-17T21:33:35","slug":"05-2","status":"publish","type":"post","link":"https:\/\/stadt-adventskalender.de\/goerlitz2019\/05-2\/","title":{"rendered":"05"},"content":{"rendered":"<h1>5<img loading=\"lazy\" decoding=\"async\" class=\"alignnone wp-image-33 size-full\" src=\"https:\/\/stadt-adventskalender.de\/goerlitz2019\/wp-content\/uploads\/sites\/15\/2019\/10\/05.png\" alt=\"\" width=\"300\" height=\"300\" srcset=\"https:\/\/stadt-adventskalender.de\/goerlitz2019\/wp-content\/uploads\/sites\/15\/2019\/10\/05.png 300w, https:\/\/stadt-adventskalender.de\/goerlitz2019\/wp-content\/uploads\/sites\/15\/2019\/10\/05-150x150.png 150w\" sizes=\"auto, (max-width: 300px) 100vw, 300px\" \/><\/h1>\n<h4>\u201eein Weib von m\u00e4nnlichem Mute und Reden in einer M\u00f6nchskutte verkleidet\u201c<\/h4>\n<p>Als der umtriebige B\u00fcrgermeister Georg Emmerich ein zweites Mal ins Heilige Land reiste, soll ihn die \u201ejunge sch\u00f6ne\u201c Witwe Agnete Fingerin begleitet haben. Ebenfalls effektvoll ist die Behauptung, die beiden h\u00e4tten aus Jerusalem die Pl\u00e4ne zur Errichtung des Heiligen Grabes nach G\u00f6rlitz gebracht.<br \/>\nDie mutige Sch\u00f6ne pilgerte allerdings nicht mit Emmerich, sondern 1476 mit der Reisegesellschaft von Herzog Albrecht von Sachsen ins Heilige Land. Agnete Fingerin wohnte in der Kr\u00e4nzelstra\u00dfe 27, \u00fcber dessen Portal ein Goldener Anker an die einstige Bl\u00fcte des Hauses erinnert.<\/p>\n","protected":false},"excerpt":{"rendered":"<p>5 \u201eein Weib von m\u00e4nnlichem Mute und Reden in einer M\u00f6nchskutte verkleidet\u201c Als der umtriebige B\u00fcrgermeister Georg Emmerich ein zweites Mal ins Heilige Land reiste, soll ihn die \u201ejunge sch\u00f6ne\u201c Witwe Agnete Fingerin begleitet haben. Ebenfalls effektvoll ist die Behauptung, die beiden h\u00e4tten aus Jerusalem die Pl\u00e4ne zur Errichtung des Heiligen Grabes nach G\u00f6rlitz gebracht. &hellip; <a href=\"https:\/\/stadt-adventskalender.de\/goerlitz2019\/05-2\/\" class=\"more-link\"><span class=\"screen-reader-text\">05<\/span> weiterlesen<\/a><\/p>\n","protected":false},"author":1,"featured_media":0,"comment_status":"closed","ping_status":"open","sticky":false,"template":"","format":"standard","meta":{"footnotes":""},"categories":[4],"tags":[],"class_list":["post-75","post","type-post","status-publish","format-standard","hentry","category-alle-offenen-turchen"],"translation":{"provider":"WPGlobus","version":"3.0.0","language":"de","enabled_languages":["de","en"],"languages":{"de":{"title":true,"content":true,"excerpt":false},"en":{"title":true,"content":true,"excerpt":false}}},"publishpress_future_action":{"enabled":false,"date":"2026-05-09 11:06:47","action":"change-status","newStatus":"draft","terms":[],"taxonomy":"category","extraData":[]},"publishpress_future_workflow_manual_trigger":{"enabledWorkflows":[]},"_links":{"self":[{"href":"https:\/\/stadt-adventskalender.de\/goerlitz2019\/wp-json\/wp\/v2\/posts\/75","targetHints":{"allow":["GET"]}}],"collection":[{"href":"https:\/\/stadt-adventskalender.de\/goerlitz2019\/wp-json\/wp\/v2\/posts"}],"about":[{"href":"https:\/\/stadt-adventskalender.de\/goerlitz2019\/wp-json\/wp\/v2\/types\/post"}],"author":[{"embeddable":true,"href":"https:\/\/stadt-adventskalender.de\/goerlitz2019\/wp-json\/wp\/v2\/users\/1"}],"replies":[{"embeddable":true,"href":"https:\/\/stadt-adventskalender.de\/goerlitz2019\/wp-json\/wp\/v2\/comments?post=75"}],"version-history":[{"count":4,"href":"https:\/\/stadt-adventskalender.de\/goerlitz2019\/wp-json\/wp\/v2\/posts\/75\/revisions"}],"predecessor-version":[{"id":409,"href":"https:\/\/stadt-adventskalender.de\/goerlitz2019\/wp-json\/wp\/v2\/posts\/75\/revisions\/409"}],"wp:attachment":[{"href":"https:\/\/stadt-adventskalender.de\/goerlitz2019\/wp-json\/wp\/v2\/media?parent=75"}],"wp:term":[{"taxonomy":"category","embeddable":true,"href":"https:\/\/stadt-adventskalender.de\/goerlitz2019\/wp-json\/wp\/v2\/categories?post=75"},{"taxonomy":"post_tag","embeddable":true,"href":"https:\/\/stadt-adventskalender.de\/goerlitz2019\/wp-json\/wp\/v2\/tags?post=75"}],"curies":[{"name":"wp","href":"https:\/\/api.w.org\/{rel}","templated":true}]}}