{"id":71,"date":"2025-12-04T00:00:00","date_gmt":"2025-12-03T23:00:00","guid":{"rendered":"http:\/\/stadt-adventskalender.de\/goerlitz2019\/?p=71"},"modified":"2025-11-17T22:34:10","modified_gmt":"2025-11-17T21:34:10","slug":"04-2","status":"publish","type":"post","link":"https:\/\/stadt-adventskalender.de\/goerlitz2019\/04-2\/","title":{"rendered":"04"},"content":{"rendered":"<h1>4<img loading=\"lazy\" decoding=\"async\" class=\"alignnone wp-image-32 size-full\" src=\"https:\/\/stadt-adventskalender.de\/goerlitz2019\/wp-content\/uploads\/sites\/15\/2019\/10\/04.png\" alt=\"\" width=\"300\" height=\"300\" srcset=\"https:\/\/stadt-adventskalender.de\/goerlitz2019\/wp-content\/uploads\/sites\/15\/2019\/10\/04.png 300w, https:\/\/stadt-adventskalender.de\/goerlitz2019\/wp-content\/uploads\/sites\/15\/2019\/10\/04-150x150.png 150w\" sizes=\"auto, (max-width: 300px) 100vw, 300px\" \/><\/h1>\n<h4>G\u00f6rlitzer Spezialit\u00e4t \u2013 Schlesischer Mohnkuchen<\/h4>\n<p>Der Teig<br \/>\n500 g Mehl, 125 g Butter, 50 g Zucker, 2 Eigelb, 0,125 Liter Milch, 1 TL Zitronenabrieb, 30 g Hefe<br \/>\nMohnf\u00fcllung<br \/>\n250 g Blaumohn gemahlen, 125 g Butter, 125 g gemahlene N\u00fcsse, 125 g Mandeln gehackt, 200 g Honig fl\u00fcssig, 3 Eier, 125 g Rosinen in Rum eingelegt, 1 Zitrone Saft- und abrieb<br \/>\nButterstreusel<br \/>\n300 g Mehl, 220 g Butter, 220 g Puderzucker, 1 TL Zimt, 1 Prise Salz<br \/>\nMehl in eine Sch\u00fcssel geben, Butter in kleinen St\u00fcckchen am Rand verteilen, lauwarme Milch mit Hefe und Zucker in die Mitte geben. Alles kurz mischen und die Eigelb dazu tun. Den Teig gut kneten, dann 1 Stunde gehen lassen.<br \/>\nAlle Zutaten der Mohnf\u00fcllung in eine Sch\u00fcssel geben, gut mischen und 1 Stunde ziehen lassen.<\/p>\n<p>Die Streusel<br \/>\nAlles in eine Sch\u00fcssel geben und mit der Hand einen br\u00f6seligen Teig kneten, den Hefeteig nun ausrollen und auf ein Blech geben. Nochmals 30 min. gehen lassen.<br \/>\nMohnmasse gleichm\u00e4\u00dfig darauf verteilen, dar\u00fcber die Butterstreusel. Bei ca 180\u00b0C f\u00fcr 30-40 min. in den Backofen und anschlie\u00dfend im Ofen am besten \u00fcber Nacht abk\u00fchlen lassen.<\/p>\n","protected":false},"excerpt":{"rendered":"<p>4 G\u00f6rlitzer Spezialit\u00e4t \u2013 Schlesischer Mohnkuchen Der Teig 500 g Mehl, 125 g Butter, 50 g Zucker, 2 Eigelb, 0,125 Liter Milch, 1 TL Zitronenabrieb, 30 g Hefe Mohnf\u00fcllung 250 g Blaumohn gemahlen, 125 g Butter, 125 g gemahlene N\u00fcsse, 125 g Mandeln gehackt, 200 g Honig fl\u00fcssig, 3 Eier, 125 g Rosinen in Rum &hellip; <a href=\"https:\/\/stadt-adventskalender.de\/goerlitz2019\/04-2\/\" class=\"more-link\"><span class=\"screen-reader-text\">04<\/span> weiterlesen<\/a><\/p>\n","protected":false},"author":1,"featured_media":0,"comment_status":"closed","ping_status":"open","sticky":false,"template":"","format":"standard","meta":{"footnotes":""},"categories":[4],"tags":[],"class_list":["post-71","post","type-post","status-publish","format-standard","hentry","category-alle-offenen-turchen"],"translation":{"provider":"WPGlobus","version":"3.0.0","language":"de","enabled_languages":["de","en"],"languages":{"de":{"title":true,"content":true,"excerpt":false},"en":{"title":true,"content":true,"excerpt":false}}},"publishpress_future_action":{"enabled":false,"date":"2026-05-09 11:06:42","action":"change-status","newStatus":"draft","terms":[],"taxonomy":"category","extraData":[]},"publishpress_future_workflow_manual_trigger":{"enabledWorkflows":[]},"_links":{"self":[{"href":"https:\/\/stadt-adventskalender.de\/goerlitz2019\/wp-json\/wp\/v2\/posts\/71","targetHints":{"allow":["GET"]}}],"collection":[{"href":"https:\/\/stadt-adventskalender.de\/goerlitz2019\/wp-json\/wp\/v2\/posts"}],"about":[{"href":"https:\/\/stadt-adventskalender.de\/goerlitz2019\/wp-json\/wp\/v2\/types\/post"}],"author":[{"embeddable":true,"href":"https:\/\/stadt-adventskalender.de\/goerlitz2019\/wp-json\/wp\/v2\/users\/1"}],"replies":[{"embeddable":true,"href":"https:\/\/stadt-adventskalender.de\/goerlitz2019\/wp-json\/wp\/v2\/comments?post=71"}],"version-history":[{"count":7,"href":"https:\/\/stadt-adventskalender.de\/goerlitz2019\/wp-json\/wp\/v2\/posts\/71\/revisions"}],"predecessor-version":[{"id":408,"href":"https:\/\/stadt-adventskalender.de\/goerlitz2019\/wp-json\/wp\/v2\/posts\/71\/revisions\/408"}],"wp:attachment":[{"href":"https:\/\/stadt-adventskalender.de\/goerlitz2019\/wp-json\/wp\/v2\/media?parent=71"}],"wp:term":[{"taxonomy":"category","embeddable":true,"href":"https:\/\/stadt-adventskalender.de\/goerlitz2019\/wp-json\/wp\/v2\/categories?post=71"},{"taxonomy":"post_tag","embeddable":true,"href":"https:\/\/stadt-adventskalender.de\/goerlitz2019\/wp-json\/wp\/v2\/tags?post=71"}],"curies":[{"name":"wp","href":"https:\/\/api.w.org\/{rel}","templated":true}]}}