{"id":64,"date":"2025-12-03T00:00:00","date_gmt":"2025-12-02T23:00:00","guid":{"rendered":"http:\/\/stadt-adventskalender.de\/goerlitz2019\/?p=64"},"modified":"2025-11-17T22:34:31","modified_gmt":"2025-11-17T21:34:31","slug":"03","status":"publish","type":"post","link":"https:\/\/stadt-adventskalender.de\/goerlitz2019\/03\/","title":{"rendered":"03"},"content":{"rendered":"<h1>3<img loading=\"lazy\" decoding=\"async\" class=\"alignnone wp-image-31 size-full\" src=\"https:\/\/stadt-adventskalender.de\/goerlitz2019\/wp-content\/uploads\/sites\/15\/2019\/10\/03.png\" alt=\"\" width=\"300\" height=\"300\" srcset=\"https:\/\/stadt-adventskalender.de\/goerlitz2019\/wp-content\/uploads\/sites\/15\/2019\/10\/03.png 300w, https:\/\/stadt-adventskalender.de\/goerlitz2019\/wp-content\/uploads\/sites\/15\/2019\/10\/03-150x150.png 150w\" sizes=\"auto, (max-width: 300px) 100vw, 300px\" \/><\/h1>\n<h4>Analog<\/h4>\n<p><em>\u201eDie deutschen Photographen<\/em><br \/>\n<em>Zieh\u2018n nun in G\u00f6rlitz ein,<\/em><br \/>\n<em>&#8230;<\/em><br \/>\n<em>Es gilt des Standes Fortschritt<\/em><br \/>\n<em>Hier in Gorlicia!\u201c<\/em><\/p>\n<p>holpert es in der Festschrift zur 24. Wanderversammlung des Deutschen Photographen-Vereins, der 1895 in G\u00f6rlitz abgehalten wurde. Ein H\u00f6hepunkt der Veranstaltung war die <em>\u201eVorf\u00fchrung der neuesten, staunenerregenden Edison-Erfindung, des KINETOSKOPS, vermittels welchem man eine photographierte Szene aus 7500 Bildern zusammengestellt, in voller Lebensth\u00e4tigkeit binnen 30 Sekunden sehen kann\u201c.<\/em><br \/>\nSeit 1893 schauen die gro\u00dfen Pioniere der Fotografie Talbot, Daguerre und Ni\u00e9pce vom Haus in der L\u00f6bauer Stra\u00dfe 7 herab und laden ein, das Museum der Fotografie zu besuchen. Die hier gezeichnete Reisekamera ist aber nicht dort sondern im Kaisertrutz ausgestellt.<\/p>\n","protected":false},"excerpt":{"rendered":"<p>3 Analog \u201eDie deutschen Photographen Zieh\u2018n nun in G\u00f6rlitz ein, &#8230; Es gilt des Standes Fortschritt Hier in Gorlicia!\u201c holpert es in der Festschrift zur 24. Wanderversammlung des Deutschen Photographen-Vereins, der 1895 in G\u00f6rlitz abgehalten wurde. Ein H\u00f6hepunkt der Veranstaltung war die \u201eVorf\u00fchrung der neuesten, staunenerregenden Edison-Erfindung, des KINETOSKOPS, vermittels welchem man eine photographierte Szene &hellip; <a href=\"https:\/\/stadt-adventskalender.de\/goerlitz2019\/03\/\" class=\"more-link\"><span class=\"screen-reader-text\">03<\/span> weiterlesen<\/a><\/p>\n","protected":false},"author":1,"featured_media":0,"comment_status":"closed","ping_status":"open","sticky":false,"template":"","format":"standard","meta":{"footnotes":""},"categories":[4,1],"tags":[],"class_list":["post-64","post","type-post","status-publish","format-standard","hentry","category-alle-offenen-turchen","category-allgemein"],"translation":{"provider":"WPGlobus","version":"3.0.0","language":"de","enabled_languages":["de","en"],"languages":{"de":{"title":true,"content":true,"excerpt":false},"en":{"title":true,"content":true,"excerpt":false}}},"publishpress_future_action":{"enabled":false,"date":"2026-05-09 11:06:48","action":"change-status","newStatus":"draft","terms":[],"taxonomy":"category","extraData":[]},"publishpress_future_workflow_manual_trigger":{"enabledWorkflows":[]},"_links":{"self":[{"href":"https:\/\/stadt-adventskalender.de\/goerlitz2019\/wp-json\/wp\/v2\/posts\/64","targetHints":{"allow":["GET"]}}],"collection":[{"href":"https:\/\/stadt-adventskalender.de\/goerlitz2019\/wp-json\/wp\/v2\/posts"}],"about":[{"href":"https:\/\/stadt-adventskalender.de\/goerlitz2019\/wp-json\/wp\/v2\/types\/post"}],"author":[{"embeddable":true,"href":"https:\/\/stadt-adventskalender.de\/goerlitz2019\/wp-json\/wp\/v2\/users\/1"}],"replies":[{"embeddable":true,"href":"https:\/\/stadt-adventskalender.de\/goerlitz2019\/wp-json\/wp\/v2\/comments?post=64"}],"version-history":[{"count":8,"href":"https:\/\/stadt-adventskalender.de\/goerlitz2019\/wp-json\/wp\/v2\/posts\/64\/revisions"}],"predecessor-version":[{"id":475,"href":"https:\/\/stadt-adventskalender.de\/goerlitz2019\/wp-json\/wp\/v2\/posts\/64\/revisions\/475"}],"wp:attachment":[{"href":"https:\/\/stadt-adventskalender.de\/goerlitz2019\/wp-json\/wp\/v2\/media?parent=64"}],"wp:term":[{"taxonomy":"category","embeddable":true,"href":"https:\/\/stadt-adventskalender.de\/goerlitz2019\/wp-json\/wp\/v2\/categories?post=64"},{"taxonomy":"post_tag","embeddable":true,"href":"https:\/\/stadt-adventskalender.de\/goerlitz2019\/wp-json\/wp\/v2\/tags?post=64"}],"curies":[{"name":"wp","href":"https:\/\/api.w.org\/{rel}","templated":true}]}}