{"id":61,"date":"2025-12-01T00:00:00","date_gmt":"2025-12-01T00:00:00","guid":{"rendered":"http:\/\/stadt-adventskalender.de\/goerlitz2019\/?p=61"},"modified":"2025-11-17T22:34:58","modified_gmt":"2025-11-17T21:34:58","slug":"01-2","status":"publish","type":"post","link":"https:\/\/stadt-adventskalender.de\/goerlitz2019\/01-2\/","title":{"rendered":"01"},"content":{"rendered":"<h1>1<img loading=\"lazy\" decoding=\"async\" class=\"alignnone size-full wp-image-29\" src=\"https:\/\/stadt-adventskalender.de\/goerlitz2019\/wp-content\/uploads\/sites\/15\/2019\/10\/01.png\" alt=\"\" width=\"300\" height=\"300\" srcset=\"https:\/\/stadt-adventskalender.de\/goerlitz2019\/wp-content\/uploads\/sites\/15\/2019\/10\/01.png 300w, https:\/\/stadt-adventskalender.de\/goerlitz2019\/wp-content\/uploads\/sites\/15\/2019\/10\/01-150x150.png 150w\" sizes=\"auto, (max-width: 300px) 100vw, 300px\" \/><\/h1>\n<h4>Gut gebr\u00fcllt L\u00f6we<\/h4>\n<p>Malerisch hat der L\u00f6we seinen Schwanz in der Frauenkirche drapiert. Die Zweiteilung der Schwanzspitze macht ihn als b\u00f6hmischen L\u00f6wen erkennbar. Als die Kirche gebaut wurde geh\u00f6rte die Oberlausitz \u2013 und damit G\u00f6rlitz \u2013 zu B\u00f6hmen. Mit der Abbildung des L\u00f6wens auf einem Schlu\u00dfstein ehrte man den Landesherrn in Prag. Mit seiner geteilten Schanzquaste ebenfalls b\u00f6hmisch, ist der L\u00f6we am Brunnen auf dem Obermarkt. Da aber die Oberlausitz 1625 an Sachsen fiel, hat der Bildhauer dort \u2013 politisch korrekt \u2013 den Herold mit dem Kurs\u00e4chsischen Wappen vor das b\u00f6hmische Tier gestellt.<\/p>\n","protected":false},"excerpt":{"rendered":"<p>1 Gut gebr\u00fcllt L\u00f6we Malerisch hat der L\u00f6we seinen Schwanz in der Frauenkirche drapiert. Die Zweiteilung der Schwanzspitze macht ihn als b\u00f6hmischen L\u00f6wen erkennbar. Als die Kirche gebaut wurde geh\u00f6rte die Oberlausitz \u2013 und damit G\u00f6rlitz \u2013 zu B\u00f6hmen. Mit der Abbildung des L\u00f6wens auf einem Schlu\u00dfstein ehrte man den Landesherrn in Prag. Mit seiner &hellip; <a href=\"https:\/\/stadt-adventskalender.de\/goerlitz2019\/01-2\/\" class=\"more-link\"><span class=\"screen-reader-text\">01<\/span> weiterlesen<\/a><\/p>\n","protected":false},"author":1,"featured_media":0,"comment_status":"closed","ping_status":"open","sticky":false,"template":"","format":"standard","meta":{"footnotes":""},"categories":[4],"tags":[],"class_list":["post-61","post","type-post","status-publish","format-standard","hentry","category-alle-offenen-turchen"],"translation":{"provider":"WPGlobus","version":"3.0.0","language":"de","enabled_languages":["de","en"],"languages":{"de":{"title":true,"content":true,"excerpt":false},"en":{"title":true,"content":true,"excerpt":false}}},"publishpress_future_action":{"enabled":false,"date":"2026-05-09 11:06:52","action":"change-status","newStatus":"draft","terms":[],"taxonomy":"category","extraData":[]},"publishpress_future_workflow_manual_trigger":{"enabledWorkflows":[]},"_links":{"self":[{"href":"https:\/\/stadt-adventskalender.de\/goerlitz2019\/wp-json\/wp\/v2\/posts\/61","targetHints":{"allow":["GET"]}}],"collection":[{"href":"https:\/\/stadt-adventskalender.de\/goerlitz2019\/wp-json\/wp\/v2\/posts"}],"about":[{"href":"https:\/\/stadt-adventskalender.de\/goerlitz2019\/wp-json\/wp\/v2\/types\/post"}],"author":[{"embeddable":true,"href":"https:\/\/stadt-adventskalender.de\/goerlitz2019\/wp-json\/wp\/v2\/users\/1"}],"replies":[{"embeddable":true,"href":"https:\/\/stadt-adventskalender.de\/goerlitz2019\/wp-json\/wp\/v2\/comments?post=61"}],"version-history":[{"count":6,"href":"https:\/\/stadt-adventskalender.de\/goerlitz2019\/wp-json\/wp\/v2\/posts\/61\/revisions"}],"predecessor-version":[{"id":399,"href":"https:\/\/stadt-adventskalender.de\/goerlitz2019\/wp-json\/wp\/v2\/posts\/61\/revisions\/399"}],"wp:attachment":[{"href":"https:\/\/stadt-adventskalender.de\/goerlitz2019\/wp-json\/wp\/v2\/media?parent=61"}],"wp:term":[{"taxonomy":"category","embeddable":true,"href":"https:\/\/stadt-adventskalender.de\/goerlitz2019\/wp-json\/wp\/v2\/categories?post=61"},{"taxonomy":"post_tag","embeddable":true,"href":"https:\/\/stadt-adventskalender.de\/goerlitz2019\/wp-json\/wp\/v2\/tags?post=61"}],"curies":[{"name":"wp","href":"https:\/\/api.w.org\/{rel}","templated":true}]}}