{"id":56,"date":"2025-12-02T00:00:00","date_gmt":"2025-12-01T23:00:00","guid":{"rendered":"http:\/\/stadt-adventskalender.de\/goerlitz2019\/?p=56"},"modified":"2025-11-17T22:34:37","modified_gmt":"2025-11-17T21:34:37","slug":"02","status":"publish","type":"post","link":"https:\/\/stadt-adventskalender.de\/goerlitz2019\/02\/","title":{"rendered":"02"},"content":{"rendered":"<h1>2<img loading=\"lazy\" decoding=\"async\" class=\"alignnone wp-image-30 size-full\" src=\"https:\/\/stadt-adventskalender.de\/goerlitz2019\/wp-content\/uploads\/sites\/15\/2019\/10\/02.png\" alt=\"\" width=\"300\" height=\"300\" srcset=\"https:\/\/stadt-adventskalender.de\/goerlitz2019\/wp-content\/uploads\/sites\/15\/2019\/10\/02.png 300w, https:\/\/stadt-adventskalender.de\/goerlitz2019\/wp-content\/uploads\/sites\/15\/2019\/10\/02-150x150.png 150w\" sizes=\"auto, (max-width: 300px) 100vw, 300px\" \/><\/h1>\n<h4>Ziemlich blau<\/h4>\n<p>Mit dem im F\u00e4rberwaid enthaltenen Indigo wurden im Mittelalter Tuch und Stoffe blauviolett gef\u00e4rbt. Der F\u00e4rberwaid entfaltete seine Wirkung jedoch erst nach einer zeitaufw\u00e4ndigen Prozedur. Die getrocknete Pflanze wurde zuerst in ein Wasser\/Urin-Gemisch gegeben und das Tuch in dieser Br\u00fche eingeweicht. Die noch wei\u00dfen feuchten Stoffe breiteten die F\u00e4rber dann in der Sonne aus, denn erst das Licht setzte die Blauf\u00e4rbung in Gang. Die G\u00e4rungs- und F\u00e4rbeprozesse verursachten nat\u00fcrlich einen bestialischen Gestank.<br \/>\nF\u00fcr den f\u00fcr die Oxydation n\u00f6tigen Urin tranken die F\u00e4rbergehilfen angeblich am Tag vorm Blauf\u00e4rben Unmengen an Alkohol. Dass sich \u201eBlau machen\u201c oder der \u201eBlaue Montag\u201c von den Nachwehen der Exzessen der Gesellen ableiten, klingt plausibel, ist jedoch nicht gesichert.<\/p>\n","protected":false},"excerpt":{"rendered":"<p>2 Ziemlich blau Mit dem im F\u00e4rberwaid enthaltenen Indigo wurden im Mittelalter Tuch und Stoffe blauviolett gef\u00e4rbt. Der F\u00e4rberwaid entfaltete seine Wirkung jedoch erst nach einer zeitaufw\u00e4ndigen Prozedur. Die getrocknete Pflanze wurde zuerst in ein Wasser\/Urin-Gemisch gegeben und das Tuch in dieser Br\u00fche eingeweicht. Die noch wei\u00dfen feuchten Stoffe breiteten die F\u00e4rber dann in der &hellip; <a href=\"https:\/\/stadt-adventskalender.de\/goerlitz2019\/02\/\" class=\"more-link\"><span class=\"screen-reader-text\">02<\/span> weiterlesen<\/a><\/p>\n","protected":false},"author":1,"featured_media":0,"comment_status":"closed","ping_status":"open","sticky":false,"template":"","format":"standard","meta":{"footnotes":""},"categories":[4],"tags":[],"class_list":["post-56","post","type-post","status-publish","format-standard","hentry","category-alle-offenen-turchen"],"translation":{"provider":"WPGlobus","version":"3.0.0","language":"de","enabled_languages":["de","en"],"languages":{"de":{"title":true,"content":true,"excerpt":false},"en":{"title":true,"content":true,"excerpt":false}}},"publishpress_future_action":{"enabled":false,"date":"2026-05-09 11:06:45","action":"change-status","newStatus":"draft","terms":[],"taxonomy":"category","extraData":[]},"publishpress_future_workflow_manual_trigger":{"enabledWorkflows":[]},"_links":{"self":[{"href":"https:\/\/stadt-adventskalender.de\/goerlitz2019\/wp-json\/wp\/v2\/posts\/56","targetHints":{"allow":["GET"]}}],"collection":[{"href":"https:\/\/stadt-adventskalender.de\/goerlitz2019\/wp-json\/wp\/v2\/posts"}],"about":[{"href":"https:\/\/stadt-adventskalender.de\/goerlitz2019\/wp-json\/wp\/v2\/types\/post"}],"author":[{"embeddable":true,"href":"https:\/\/stadt-adventskalender.de\/goerlitz2019\/wp-json\/wp\/v2\/users\/1"}],"replies":[{"embeddable":true,"href":"https:\/\/stadt-adventskalender.de\/goerlitz2019\/wp-json\/wp\/v2\/comments?post=56"}],"version-history":[{"count":10,"href":"https:\/\/stadt-adventskalender.de\/goerlitz2019\/wp-json\/wp\/v2\/posts\/56\/revisions"}],"predecessor-version":[{"id":400,"href":"https:\/\/stadt-adventskalender.de\/goerlitz2019\/wp-json\/wp\/v2\/posts\/56\/revisions\/400"}],"wp:attachment":[{"href":"https:\/\/stadt-adventskalender.de\/goerlitz2019\/wp-json\/wp\/v2\/media?parent=56"}],"wp:term":[{"taxonomy":"category","embeddable":true,"href":"https:\/\/stadt-adventskalender.de\/goerlitz2019\/wp-json\/wp\/v2\/categories?post=56"},{"taxonomy":"post_tag","embeddable":true,"href":"https:\/\/stadt-adventskalender.de\/goerlitz2019\/wp-json\/wp\/v2\/tags?post=56"}],"curies":[{"name":"wp","href":"https:\/\/api.w.org\/{rel}","templated":true}]}}