{"id":147,"date":"2025-12-24T00:00:00","date_gmt":"2025-12-23T23:00:00","guid":{"rendered":"http:\/\/stadt-adventskalender.de\/goerlitz2019\/?p=147"},"modified":"2025-11-17T22:27:00","modified_gmt":"2025-11-17T21:27:00","slug":"24-2","status":"publish","type":"post","link":"https:\/\/stadt-adventskalender.de\/goerlitz2019\/24-2\/","title":{"rendered":"24"},"content":{"rendered":"<h1>24<img loading=\"lazy\" decoding=\"async\" class=\"alignnone wp-image-52 size-full\" src=\"https:\/\/stadt-adventskalender.de\/goerlitz2019\/wp-content\/uploads\/sites\/15\/2019\/10\/24.png\" alt=\"\" width=\"300\" height=\"300\" srcset=\"https:\/\/stadt-adventskalender.de\/goerlitz2019\/wp-content\/uploads\/sites\/15\/2019\/10\/24.png 300w, https:\/\/stadt-adventskalender.de\/goerlitz2019\/wp-content\/uploads\/sites\/15\/2019\/10\/24-150x150.png 150w\" sizes=\"auto, (max-width: 300px) 100vw, 300px\" \/><\/h1>\n<h4>Aus dem Marienleben<\/h4>\n<p>Im Mittelalter befand sich die Frauenkirche au\u00dferhalb der Stadtmauern. Als Gr\u00fcndungsjahr der Kirche gilt das Jahr 1349. Aus den S\u00fchnegeldern eines Raub\u00fcberfalles des Friedrich von Biberstein und aus Stiftungen G\u00f6rlitzer B\u00fcrger, die an der Pest erkrankt waren, wurde sie als Kapelle gebaut und 1368 <em>\u201eUnserer Frauen Kirche vor der Stadt\u201c<\/em> genannt, weil Maria, die Mutter Jesu, die Schutzheilige der Kirche war. Die erste Kirche fiel allerdings den Hussitenangriffen zum Opfer, das Kirchlein wurde aber daraufhin in sp\u00e4tgotischem Stil wieder errichtet.<br \/>\nDie elf Schlusssteine des Netzgew\u00f6lbes im L\u00e4ngsschiff zeigen Reliefs aus dem Leben Marias und vier weiterer jungfr\u00e4ulicher Heiligen. Heute, am Heiligen Abend h\u00e4lt Maria, das Jesuskind auf dem Arm.<\/p>\n<h1>Frohe Weihnachten!<\/h1>\n","protected":false},"excerpt":{"rendered":"<p>24 Aus dem Marienleben Im Mittelalter befand sich die Frauenkirche au\u00dferhalb der Stadtmauern. Als Gr\u00fcndungsjahr der Kirche gilt das Jahr 1349. Aus den S\u00fchnegeldern eines Raub\u00fcberfalles des Friedrich von Biberstein und aus Stiftungen G\u00f6rlitzer B\u00fcrger, die an der Pest erkrankt waren, wurde sie als Kapelle gebaut und 1368 \u201eUnserer Frauen Kirche vor der Stadt\u201c genannt, &hellip; <a href=\"https:\/\/stadt-adventskalender.de\/goerlitz2019\/24-2\/\" class=\"more-link\"><span class=\"screen-reader-text\">24<\/span> weiterlesen<\/a><\/p>\n","protected":false},"author":1,"featured_media":0,"comment_status":"closed","ping_status":"open","sticky":false,"template":"","format":"standard","meta":{"footnotes":""},"categories":[4,3],"tags":[],"class_list":["post-147","post","type-post","status-publish","format-standard","hentry","category-alle-offenen-turchen","category-heute"],"translation":{"provider":"WPGlobus","version":"3.0.0","language":"de","enabled_languages":["de","en"],"languages":{"de":{"title":true,"content":true,"excerpt":false},"en":{"title":false,"content":true,"excerpt":false}}},"publishpress_future_action":{"enabled":false,"date":"2026-05-09 11:06:47","action":"change-status","newStatus":"draft","terms":[],"taxonomy":"category","extraData":[]},"publishpress_future_workflow_manual_trigger":{"enabledWorkflows":[]},"_links":{"self":[{"href":"https:\/\/stadt-adventskalender.de\/goerlitz2019\/wp-json\/wp\/v2\/posts\/147","targetHints":{"allow":["GET"]}}],"collection":[{"href":"https:\/\/stadt-adventskalender.de\/goerlitz2019\/wp-json\/wp\/v2\/posts"}],"about":[{"href":"https:\/\/stadt-adventskalender.de\/goerlitz2019\/wp-json\/wp\/v2\/types\/post"}],"author":[{"embeddable":true,"href":"https:\/\/stadt-adventskalender.de\/goerlitz2019\/wp-json\/wp\/v2\/users\/1"}],"replies":[{"embeddable":true,"href":"https:\/\/stadt-adventskalender.de\/goerlitz2019\/wp-json\/wp\/v2\/comments?post=147"}],"version-history":[{"count":10,"href":"https:\/\/stadt-adventskalender.de\/goerlitz2019\/wp-json\/wp\/v2\/posts\/147\/revisions"}],"predecessor-version":[{"id":497,"href":"https:\/\/stadt-adventskalender.de\/goerlitz2019\/wp-json\/wp\/v2\/posts\/147\/revisions\/497"}],"wp:attachment":[{"href":"https:\/\/stadt-adventskalender.de\/goerlitz2019\/wp-json\/wp\/v2\/media?parent=147"}],"wp:term":[{"taxonomy":"category","embeddable":true,"href":"https:\/\/stadt-adventskalender.de\/goerlitz2019\/wp-json\/wp\/v2\/categories?post=147"},{"taxonomy":"post_tag","embeddable":true,"href":"https:\/\/stadt-adventskalender.de\/goerlitz2019\/wp-json\/wp\/v2\/tags?post=147"}],"curies":[{"name":"wp","href":"https:\/\/api.w.org\/{rel}","templated":true}]}}