{"id":144,"date":"2025-12-23T00:00:00","date_gmt":"2025-12-22T23:00:00","guid":{"rendered":"http:\/\/stadt-adventskalender.de\/goerlitz2019\/?p=144"},"modified":"2025-11-17T22:27:22","modified_gmt":"2025-11-17T21:27:22","slug":"23-2","status":"publish","type":"post","link":"https:\/\/stadt-adventskalender.de\/goerlitz2019\/23-2\/","title":{"rendered":"23"},"content":{"rendered":"<h1>23<img loading=\"lazy\" decoding=\"async\" class=\"alignnone wp-image-51 size-full\" src=\"https:\/\/stadt-adventskalender.de\/goerlitz2019\/wp-content\/uploads\/sites\/15\/2019\/10\/23.png\" alt=\"\" width=\"300\" height=\"300\" srcset=\"https:\/\/stadt-adventskalender.de\/goerlitz2019\/wp-content\/uploads\/sites\/15\/2019\/10\/23.png 300w, https:\/\/stadt-adventskalender.de\/goerlitz2019\/wp-content\/uploads\/sites\/15\/2019\/10\/23-150x150.png 150w\" sizes=\"auto, (max-width: 300px) 100vw, 300px\" \/><\/h1>\n<h4>Die Moller-Linde auf dem Nikolaifriedhof<\/h4>\n<p><em>\u201eWenn ich werde gestorben sein, so pflanzt auf meinem Grabe eine junge Linde mit den Zweigen in die Erde. So gewiss diese Linde wachsen wird, habe ich auch Gottes Wort rein und lauter gelehrt und gepredigt.\u201c,<\/em> waren Mollers Worte auf dem Sterbebett. Dem Pastor Martin Moller hatten b\u00f6se Zungen nachgesagt, das Wort Gottes nicht so zu verbreiten, wie es Luther gew\u00fcnscht h\u00e4tte. Dies war eine gef\u00e4hrliche Beschuldigung, denn G\u00f6rlitz war seit dem letzten Drittel des 16. Jahrhunderts eine rein lutherische Stadt.<br \/>\nDer Baum wuchs und gedieh und auch heute, nach \u00fcber 400 Jahren, kann man die pr\u00e4chtige Moller-Linde, die wider die Natur ihre Wurzeln schlug, noch immer auf dem Nikolaifriedhof in G\u00f6rlitz bewundern.<\/p>\n","protected":false},"excerpt":{"rendered":"<p>23 Die Moller-Linde auf dem Nikolaifriedhof \u201eWenn ich werde gestorben sein, so pflanzt auf meinem Grabe eine junge Linde mit den Zweigen in die Erde. So gewiss diese Linde wachsen wird, habe ich auch Gottes Wort rein und lauter gelehrt und gepredigt.\u201c, waren Mollers Worte auf dem Sterbebett. Dem Pastor Martin Moller hatten b\u00f6se Zungen &hellip; <a href=\"https:\/\/stadt-adventskalender.de\/goerlitz2019\/23-2\/\" class=\"more-link\"><span class=\"screen-reader-text\">23<\/span> weiterlesen<\/a><\/p>\n","protected":false},"author":1,"featured_media":0,"comment_status":"closed","ping_status":"open","sticky":false,"template":"","format":"standard","meta":{"footnotes":""},"categories":[4],"tags":[],"class_list":["post-144","post","type-post","status-publish","format-standard","hentry","category-alle-offenen-turchen"],"translation":{"provider":"WPGlobus","version":"3.0.0","language":"de","enabled_languages":["de","en"],"languages":{"de":{"title":true,"content":true,"excerpt":false},"en":{"title":true,"content":true,"excerpt":false}}},"publishpress_future_action":{"enabled":false,"date":"2026-05-09 11:06:51","action":"change-status","newStatus":"draft","terms":[],"taxonomy":"category","extraData":[]},"publishpress_future_workflow_manual_trigger":{"enabledWorkflows":[]},"_links":{"self":[{"href":"https:\/\/stadt-adventskalender.de\/goerlitz2019\/wp-json\/wp\/v2\/posts\/144","targetHints":{"allow":["GET"]}}],"collection":[{"href":"https:\/\/stadt-adventskalender.de\/goerlitz2019\/wp-json\/wp\/v2\/posts"}],"about":[{"href":"https:\/\/stadt-adventskalender.de\/goerlitz2019\/wp-json\/wp\/v2\/types\/post"}],"author":[{"embeddable":true,"href":"https:\/\/stadt-adventskalender.de\/goerlitz2019\/wp-json\/wp\/v2\/users\/1"}],"replies":[{"embeddable":true,"href":"https:\/\/stadt-adventskalender.de\/goerlitz2019\/wp-json\/wp\/v2\/comments?post=144"}],"version-history":[{"count":7,"href":"https:\/\/stadt-adventskalender.de\/goerlitz2019\/wp-json\/wp\/v2\/posts\/144\/revisions"}],"predecessor-version":[{"id":455,"href":"https:\/\/stadt-adventskalender.de\/goerlitz2019\/wp-json\/wp\/v2\/posts\/144\/revisions\/455"}],"wp:attachment":[{"href":"https:\/\/stadt-adventskalender.de\/goerlitz2019\/wp-json\/wp\/v2\/media?parent=144"}],"wp:term":[{"taxonomy":"category","embeddable":true,"href":"https:\/\/stadt-adventskalender.de\/goerlitz2019\/wp-json\/wp\/v2\/categories?post=144"},{"taxonomy":"post_tag","embeddable":true,"href":"https:\/\/stadt-adventskalender.de\/goerlitz2019\/wp-json\/wp\/v2\/tags?post=144"}],"curies":[{"name":"wp","href":"https:\/\/api.w.org\/{rel}","templated":true}]}}