{"id":140,"date":"2025-12-22T00:00:00","date_gmt":"2025-12-21T23:00:00","guid":{"rendered":"http:\/\/stadt-adventskalender.de\/goerlitz2019\/?p=140"},"modified":"2025-11-17T22:27:41","modified_gmt":"2025-11-17T21:27:41","slug":"22-2","status":"publish","type":"post","link":"https:\/\/stadt-adventskalender.de\/goerlitz2019\/22-2\/","title":{"rendered":"22"},"content":{"rendered":"<h1>22<img loading=\"lazy\" decoding=\"async\" class=\"alignnone wp-image-50 size-full\" src=\"https:\/\/stadt-adventskalender.de\/goerlitz2019\/wp-content\/uploads\/sites\/15\/2019\/10\/22.png\" alt=\"\" width=\"300\" height=\"300\" srcset=\"https:\/\/stadt-adventskalender.de\/goerlitz2019\/wp-content\/uploads\/sites\/15\/2019\/10\/22.png 300w, https:\/\/stadt-adventskalender.de\/goerlitz2019\/wp-content\/uploads\/sites\/15\/2019\/10\/22-150x150.png 150w\" sizes=\"auto, (max-width: 300px) 100vw, 300px\" \/><\/h1>\n<h4>Vom Fl\u00fcsterbogen zur Hotherstra\u00dfe<\/h4>\n<p>Gottfried Kiesow, Gr\u00fcnder der Deutschen Stiftung Denkmalschutz, nannte G\u00f6rlitz <em>\u201eDie sch\u00f6nste Stadt Deutschlands\u201c<\/em>. Als eine der ganz wenigen mittelalterlichen St\u00e4dte Deutschlands wurde G\u00f6rlitz von verheerenden Sch\u00e4den des Zweiten Weltkrieges verschont, weshalb sich G\u00f6rlitz heute als unvergleichliches Fl\u00e4chendenkmal zeigt. Fast 4000 (!) Geb\u00e4ude unterschiedlichster Baustile stehen unter Denkmalschutz. Flaniert man in den Stra\u00dfen der Altstadt, fallen ganz besonders die vielen kunstvollen Sandsteinportale ins Auge.<\/p>\n","protected":false},"excerpt":{"rendered":"<p>22 Vom Fl\u00fcsterbogen zur Hotherstra\u00dfe Gottfried Kiesow, Gr\u00fcnder der Deutschen Stiftung Denkmalschutz, nannte G\u00f6rlitz \u201eDie sch\u00f6nste Stadt Deutschlands\u201c. Als eine der ganz wenigen mittelalterlichen St\u00e4dte Deutschlands wurde G\u00f6rlitz von verheerenden Sch\u00e4den des Zweiten Weltkrieges verschont, weshalb sich G\u00f6rlitz heute als unvergleichliches Fl\u00e4chendenkmal zeigt. Fast 4000 (!) Geb\u00e4ude unterschiedlichster Baustile stehen unter Denkmalschutz. Flaniert man in &hellip; <a href=\"https:\/\/stadt-adventskalender.de\/goerlitz2019\/22-2\/\" class=\"more-link\"><span class=\"screen-reader-text\">22<\/span> weiterlesen<\/a><\/p>\n","protected":false},"author":1,"featured_media":0,"comment_status":"closed","ping_status":"open","sticky":false,"template":"","format":"standard","meta":{"footnotes":""},"categories":[4],"tags":[],"class_list":["post-140","post","type-post","status-publish","format-standard","hentry","category-alle-offenen-turchen"],"translation":{"provider":"WPGlobus","version":"3.0.0","language":"de","enabled_languages":["de","en"],"languages":{"de":{"title":true,"content":true,"excerpt":false},"en":{"title":true,"content":true,"excerpt":false}}},"publishpress_future_action":{"enabled":false,"date":"2026-05-09 11:06:51","action":"change-status","newStatus":"draft","terms":[],"taxonomy":"category","extraData":[]},"publishpress_future_workflow_manual_trigger":{"enabledWorkflows":[]},"_links":{"self":[{"href":"https:\/\/stadt-adventskalender.de\/goerlitz2019\/wp-json\/wp\/v2\/posts\/140","targetHints":{"allow":["GET"]}}],"collection":[{"href":"https:\/\/stadt-adventskalender.de\/goerlitz2019\/wp-json\/wp\/v2\/posts"}],"about":[{"href":"https:\/\/stadt-adventskalender.de\/goerlitz2019\/wp-json\/wp\/v2\/types\/post"}],"author":[{"embeddable":true,"href":"https:\/\/stadt-adventskalender.de\/goerlitz2019\/wp-json\/wp\/v2\/users\/1"}],"replies":[{"embeddable":true,"href":"https:\/\/stadt-adventskalender.de\/goerlitz2019\/wp-json\/wp\/v2\/comments?post=140"}],"version-history":[{"count":5,"href":"https:\/\/stadt-adventskalender.de\/goerlitz2019\/wp-json\/wp\/v2\/posts\/140\/revisions"}],"predecessor-version":[{"id":478,"href":"https:\/\/stadt-adventskalender.de\/goerlitz2019\/wp-json\/wp\/v2\/posts\/140\/revisions\/478"}],"wp:attachment":[{"href":"https:\/\/stadt-adventskalender.de\/goerlitz2019\/wp-json\/wp\/v2\/media?parent=140"}],"wp:term":[{"taxonomy":"category","embeddable":true,"href":"https:\/\/stadt-adventskalender.de\/goerlitz2019\/wp-json\/wp\/v2\/categories?post=140"},{"taxonomy":"post_tag","embeddable":true,"href":"https:\/\/stadt-adventskalender.de\/goerlitz2019\/wp-json\/wp\/v2\/tags?post=140"}],"curies":[{"name":"wp","href":"https:\/\/api.w.org\/{rel}","templated":true}]}}