{"id":136,"date":"2025-12-21T00:00:00","date_gmt":"2025-12-20T23:00:00","guid":{"rendered":"http:\/\/stadt-adventskalender.de\/goerlitz2019\/?p=136"},"modified":"2025-11-17T22:28:03","modified_gmt":"2025-11-17T21:28:03","slug":"21-2","status":"publish","type":"post","link":"https:\/\/stadt-adventskalender.de\/goerlitz2019\/21-2\/","title":{"rendered":"21"},"content":{"rendered":"<h1>21<img loading=\"lazy\" decoding=\"async\" class=\"alignnone wp-image-49 size-full\" src=\"https:\/\/stadt-adventskalender.de\/goerlitz2019\/wp-content\/uploads\/sites\/15\/2019\/10\/21.png\" alt=\"\" width=\"300\" height=\"300\" srcset=\"https:\/\/stadt-adventskalender.de\/goerlitz2019\/wp-content\/uploads\/sites\/15\/2019\/10\/21.png 300w, https:\/\/stadt-adventskalender.de\/goerlitz2019\/wp-content\/uploads\/sites\/15\/2019\/10\/21-150x150.png 150w\" sizes=\"auto, (max-width: 300px) 100vw, 300px\" \/><\/h1>\n<h4>Hermes und DHL<\/h4>\n<p>Gleich einen ganzen Platz hat man nach dem neuen Postamt benannt. Mit ihm sollte Nachrichten\u00fcbertragung in G\u00f6rlitz auf modernste Art und Weise vonstatten gehen. Auf beiden Seiten des Daches nehmen antikisierende Figuren allegorischen Bezug auf das Post- und Telegrafenwesen. Die Weltkugel steht f\u00fcr den Weltpostverein. Die Frau mit Telefon f\u00fcr die modernen, Posthorn und Pferd f\u00fcr die alten Zeiten.<\/p>\n","protected":false},"excerpt":{"rendered":"<p>21 Hermes und DHL Gleich einen ganzen Platz hat man nach dem neuen Postamt benannt. Mit ihm sollte Nachrichten\u00fcbertragung in G\u00f6rlitz auf modernste Art und Weise vonstatten gehen. Auf beiden Seiten des Daches nehmen antikisierende Figuren allegorischen Bezug auf das Post- und Telegrafenwesen. Die Weltkugel steht f\u00fcr den Weltpostverein. Die Frau mit Telefon f\u00fcr die &hellip; <a href=\"https:\/\/stadt-adventskalender.de\/goerlitz2019\/21-2\/\" class=\"more-link\"><span class=\"screen-reader-text\">21<\/span> weiterlesen<\/a><\/p>\n","protected":false},"author":1,"featured_media":0,"comment_status":"closed","ping_status":"open","sticky":false,"template":"","format":"standard","meta":{"footnotes":""},"categories":[4],"tags":[],"class_list":["post-136","post","type-post","status-publish","format-standard","hentry","category-alle-offenen-turchen"],"translation":{"provider":"WPGlobus","version":"3.0.0","language":"de","enabled_languages":["de","en"],"languages":{"de":{"title":true,"content":true,"excerpt":false},"en":{"title":true,"content":true,"excerpt":false}}},"publishpress_future_action":{"enabled":false,"date":"2026-05-09 11:06:42","action":"change-status","newStatus":"draft","terms":[],"taxonomy":"category","extraData":[]},"publishpress_future_workflow_manual_trigger":{"enabledWorkflows":[]},"_links":{"self":[{"href":"https:\/\/stadt-adventskalender.de\/goerlitz2019\/wp-json\/wp\/v2\/posts\/136","targetHints":{"allow":["GET"]}}],"collection":[{"href":"https:\/\/stadt-adventskalender.de\/goerlitz2019\/wp-json\/wp\/v2\/posts"}],"about":[{"href":"https:\/\/stadt-adventskalender.de\/goerlitz2019\/wp-json\/wp\/v2\/types\/post"}],"author":[{"embeddable":true,"href":"https:\/\/stadt-adventskalender.de\/goerlitz2019\/wp-json\/wp\/v2\/users\/1"}],"replies":[{"embeddable":true,"href":"https:\/\/stadt-adventskalender.de\/goerlitz2019\/wp-json\/wp\/v2\/comments?post=136"}],"version-history":[{"count":4,"href":"https:\/\/stadt-adventskalender.de\/goerlitz2019\/wp-json\/wp\/v2\/posts\/136\/revisions"}],"predecessor-version":[{"id":450,"href":"https:\/\/stadt-adventskalender.de\/goerlitz2019\/wp-json\/wp\/v2\/posts\/136\/revisions\/450"}],"wp:attachment":[{"href":"https:\/\/stadt-adventskalender.de\/goerlitz2019\/wp-json\/wp\/v2\/media?parent=136"}],"wp:term":[{"taxonomy":"category","embeddable":true,"href":"https:\/\/stadt-adventskalender.de\/goerlitz2019\/wp-json\/wp\/v2\/categories?post=136"},{"taxonomy":"post_tag","embeddable":true,"href":"https:\/\/stadt-adventskalender.de\/goerlitz2019\/wp-json\/wp\/v2\/tags?post=136"}],"curies":[{"name":"wp","href":"https:\/\/api.w.org\/{rel}","templated":true}]}}