{"id":133,"date":"2025-12-20T00:00:00","date_gmt":"2025-12-19T23:00:00","guid":{"rendered":"http:\/\/stadt-adventskalender.de\/goerlitz2019\/?p=133"},"modified":"2025-11-17T22:28:24","modified_gmt":"2025-11-17T21:28:24","slug":"20-2","status":"publish","type":"post","link":"https:\/\/stadt-adventskalender.de\/goerlitz2019\/20-2\/","title":{"rendered":"20"},"content":{"rendered":"<h1>20<img loading=\"lazy\" decoding=\"async\" class=\"alignnone wp-image-48 size-full\" src=\"https:\/\/stadt-adventskalender.de\/goerlitz2019\/wp-content\/uploads\/sites\/15\/2019\/10\/20.png\" alt=\"\" width=\"300\" height=\"300\" srcset=\"https:\/\/stadt-adventskalender.de\/goerlitz2019\/wp-content\/uploads\/sites\/15\/2019\/10\/20.png 300w, https:\/\/stadt-adventskalender.de\/goerlitz2019\/wp-content\/uploads\/sites\/15\/2019\/10\/20-150x150.png 150w\" sizes=\"auto, (max-width: 300px) 100vw, 300px\" \/><\/h1>\n<h4>Im Lauf der Zeit<\/h4>\n<p>Feine Liniennetze \u00fcberziehen die astronomische Sonnenuhr an der Ratsapotheke. Ein Teil von ihnen zeigt babylonische Stunden, obwohl die Babylonier diese nie benutzt hatten. Im Gegensatz zu den italienischen Stunden, die die Stundenz\u00e4hlung abends beginnen, z\u00e4hlen sie den Tag in 24 gleichlangen Stunden vom Sonnenaufgang an.<br \/>\nHohen Besuch aus Prag empfing der Astronom, Mathematiker und B\u00fcrgermeister Scultetus. Mit dem weisen Rabbi L\u00f6w diskutierte Scultetus den j\u00fcdischen Kalender. Dieser z\u00e4hlt den Tag von Abend bis Abend, weshalb auch der Schabbat bereits am Freitag Abend beginnt. Die Fische geh\u00f6ren zu den 12 Tierkreiszeichen auf dem linken Teil der Uhr.<\/p>\n","protected":false},"excerpt":{"rendered":"<p>20 Im Lauf der Zeit Feine Liniennetze \u00fcberziehen die astronomische Sonnenuhr an der Ratsapotheke. Ein Teil von ihnen zeigt babylonische Stunden, obwohl die Babylonier diese nie benutzt hatten. Im Gegensatz zu den italienischen Stunden, die die Stundenz\u00e4hlung abends beginnen, z\u00e4hlen sie den Tag in 24 gleichlangen Stunden vom Sonnenaufgang an. Hohen Besuch aus Prag empfing &hellip; <a href=\"https:\/\/stadt-adventskalender.de\/goerlitz2019\/20-2\/\" class=\"more-link\"><span class=\"screen-reader-text\">20<\/span> weiterlesen<\/a><\/p>\n","protected":false},"author":1,"featured_media":0,"comment_status":"closed","ping_status":"open","sticky":false,"template":"","format":"standard","meta":{"footnotes":""},"categories":[4],"tags":[],"class_list":["post-133","post","type-post","status-publish","format-standard","hentry","category-alle-offenen-turchen"],"translation":{"provider":"WPGlobus","version":"3.0.0","language":"de","enabled_languages":["de","en"],"languages":{"de":{"title":true,"content":true,"excerpt":false},"en":{"title":true,"content":true,"excerpt":false}}},"publishpress_future_action":{"enabled":false,"date":"2026-05-09 11:06:51","action":"change-status","newStatus":"draft","terms":[],"taxonomy":"category","extraData":[]},"publishpress_future_workflow_manual_trigger":{"enabledWorkflows":[]},"_links":{"self":[{"href":"https:\/\/stadt-adventskalender.de\/goerlitz2019\/wp-json\/wp\/v2\/posts\/133","targetHints":{"allow":["GET"]}}],"collection":[{"href":"https:\/\/stadt-adventskalender.de\/goerlitz2019\/wp-json\/wp\/v2\/posts"}],"about":[{"href":"https:\/\/stadt-adventskalender.de\/goerlitz2019\/wp-json\/wp\/v2\/types\/post"}],"author":[{"embeddable":true,"href":"https:\/\/stadt-adventskalender.de\/goerlitz2019\/wp-json\/wp\/v2\/users\/1"}],"replies":[{"embeddable":true,"href":"https:\/\/stadt-adventskalender.de\/goerlitz2019\/wp-json\/wp\/v2\/comments?post=133"}],"version-history":[{"count":3,"href":"https:\/\/stadt-adventskalender.de\/goerlitz2019\/wp-json\/wp\/v2\/posts\/133\/revisions"}],"predecessor-version":[{"id":445,"href":"https:\/\/stadt-adventskalender.de\/goerlitz2019\/wp-json\/wp\/v2\/posts\/133\/revisions\/445"}],"wp:attachment":[{"href":"https:\/\/stadt-adventskalender.de\/goerlitz2019\/wp-json\/wp\/v2\/media?parent=133"}],"wp:term":[{"taxonomy":"category","embeddable":true,"href":"https:\/\/stadt-adventskalender.de\/goerlitz2019\/wp-json\/wp\/v2\/categories?post=133"},{"taxonomy":"post_tag","embeddable":true,"href":"https:\/\/stadt-adventskalender.de\/goerlitz2019\/wp-json\/wp\/v2\/tags?post=133"}],"curies":[{"name":"wp","href":"https:\/\/api.w.org\/{rel}","templated":true}]}}