{"id":129,"date":"2025-12-19T00:00:00","date_gmt":"2025-12-18T23:00:00","guid":{"rendered":"http:\/\/stadt-adventskalender.de\/goerlitz2019\/?p=129"},"modified":"2025-11-17T22:28:44","modified_gmt":"2025-11-17T21:28:44","slug":"19-2","status":"publish","type":"post","link":"https:\/\/stadt-adventskalender.de\/goerlitz2019\/19-2\/","title":{"rendered":"19"},"content":{"rendered":"<h1>19<img loading=\"lazy\" decoding=\"async\" class=\"alignnone wp-image-47 size-full\" src=\"https:\/\/stadt-adventskalender.de\/goerlitz2019\/wp-content\/uploads\/sites\/15\/2019\/10\/19.png\" alt=\"\" width=\"300\" height=\"300\" srcset=\"https:\/\/stadt-adventskalender.de\/goerlitz2019\/wp-content\/uploads\/sites\/15\/2019\/10\/19.png 300w, https:\/\/stadt-adventskalender.de\/goerlitz2019\/wp-content\/uploads\/sites\/15\/2019\/10\/19-150x150.png 150w\" sizes=\"auto, (max-width: 300px) 100vw, 300px\" \/><\/h1>\n<h4>Die sch\u00f6nste Fleischerei<\/h4>\n<p>Etwas drastischer als bei den B\u00e4ckern ist naturgem\u00e4ss das Zunftzeichen der Fleischer geraten. Ein Stierkopf mit zwei gekreuzten Beilen kennzeichnet ihren Berufsstand. Kunstvoll auf Jugendstil Porzellanfliesen gemalt ist das Zeichen in der Fleischerei B\u00fcchner in der Bismarckstra\u00dfe 3. Die mit einem etwa 30 qm gro\u00dfen Verkaufsraum ausgestattete Fleischerei wurde im Jahre 1911 er\u00f6ffnet. Das Ladengesch\u00e4ft ist im Innern mit farbig gestalteten Wandfliesen verkleidet, die den Entstehungsprozess von Fleisch- und Wurstwaren in allen Phasen darstellen. Die Originalfliesen stammten aus dem Hause Villeroy und Boch.<\/p>\n","protected":false},"excerpt":{"rendered":"<p>19 Die sch\u00f6nste Fleischerei Etwas drastischer als bei den B\u00e4ckern ist naturgem\u00e4ss das Zunftzeichen der Fleischer geraten. Ein Stierkopf mit zwei gekreuzten Beilen kennzeichnet ihren Berufsstand. Kunstvoll auf Jugendstil Porzellanfliesen gemalt ist das Zeichen in der Fleischerei B\u00fcchner in der Bismarckstra\u00dfe 3. Die mit einem etwa 30 qm gro\u00dfen Verkaufsraum ausgestattete Fleischerei wurde im Jahre &hellip; <a href=\"https:\/\/stadt-adventskalender.de\/goerlitz2019\/19-2\/\" class=\"more-link\"><span class=\"screen-reader-text\">19<\/span> weiterlesen<\/a><\/p>\n","protected":false},"author":1,"featured_media":0,"comment_status":"closed","ping_status":"open","sticky":false,"template":"","format":"standard","meta":{"footnotes":""},"categories":[4],"tags":[],"class_list":["post-129","post","type-post","status-publish","format-standard","hentry","category-alle-offenen-turchen"],"translation":{"provider":"WPGlobus","version":"3.0.0","language":"de","enabled_languages":["de","en"],"languages":{"de":{"title":true,"content":true,"excerpt":false},"en":{"title":false,"content":true,"excerpt":false}}},"publishpress_future_action":{"enabled":false,"date":"2026-05-09 11:06:46","action":"change-status","newStatus":"draft","terms":[],"taxonomy":"category","extraData":[]},"publishpress_future_workflow_manual_trigger":{"enabledWorkflows":[]},"_links":{"self":[{"href":"https:\/\/stadt-adventskalender.de\/goerlitz2019\/wp-json\/wp\/v2\/posts\/129","targetHints":{"allow":["GET"]}}],"collection":[{"href":"https:\/\/stadt-adventskalender.de\/goerlitz2019\/wp-json\/wp\/v2\/posts"}],"about":[{"href":"https:\/\/stadt-adventskalender.de\/goerlitz2019\/wp-json\/wp\/v2\/types\/post"}],"author":[{"embeddable":true,"href":"https:\/\/stadt-adventskalender.de\/goerlitz2019\/wp-json\/wp\/v2\/users\/1"}],"replies":[{"embeddable":true,"href":"https:\/\/stadt-adventskalender.de\/goerlitz2019\/wp-json\/wp\/v2\/comments?post=129"}],"version-history":[{"count":4,"href":"https:\/\/stadt-adventskalender.de\/goerlitz2019\/wp-json\/wp\/v2\/posts\/129\/revisions"}],"predecessor-version":[{"id":441,"href":"https:\/\/stadt-adventskalender.de\/goerlitz2019\/wp-json\/wp\/v2\/posts\/129\/revisions\/441"}],"wp:attachment":[{"href":"https:\/\/stadt-adventskalender.de\/goerlitz2019\/wp-json\/wp\/v2\/media?parent=129"}],"wp:term":[{"taxonomy":"category","embeddable":true,"href":"https:\/\/stadt-adventskalender.de\/goerlitz2019\/wp-json\/wp\/v2\/categories?post=129"},{"taxonomy":"post_tag","embeddable":true,"href":"https:\/\/stadt-adventskalender.de\/goerlitz2019\/wp-json\/wp\/v2\/tags?post=129"}],"curies":[{"name":"wp","href":"https:\/\/api.w.org\/{rel}","templated":true}]}}