{"id":125,"date":"2025-12-18T00:00:00","date_gmt":"2025-12-17T23:00:00","guid":{"rendered":"http:\/\/stadt-adventskalender.de\/goerlitz2019\/?p=125"},"modified":"2025-11-17T22:29:08","modified_gmt":"2025-11-17T21:29:08","slug":"18-2","status":"publish","type":"post","link":"https:\/\/stadt-adventskalender.de\/goerlitz2019\/18-2\/","title":{"rendered":"18"},"content":{"rendered":"<h1>18<img loading=\"lazy\" decoding=\"async\" class=\"alignnone wp-image-46 size-full\" src=\"https:\/\/stadt-adventskalender.de\/goerlitz2019\/wp-content\/uploads\/sites\/15\/2019\/10\/18.png\" alt=\"\" width=\"300\" height=\"300\" srcset=\"https:\/\/stadt-adventskalender.de\/goerlitz2019\/wp-content\/uploads\/sites\/15\/2019\/10\/18.png 300w, https:\/\/stadt-adventskalender.de\/goerlitz2019\/wp-content\/uploads\/sites\/15\/2019\/10\/18-150x150.png 150w\" sizes=\"auto, (max-width: 300px) 100vw, 300px\" \/><\/h1>\n<h4>Ich war hier!<\/h4>\n<p>Nicht erst heute ritzen die Leute ihre Initialen in B\u00e4ume oder Parkb\u00e4nke. Initialen wurden schon immer in besondere Artefakte gekratzt. Am Heiligen Grab in G\u00f6rlitz haben die mittelalterlichen Pilger auch R\u00f6telstifte benutzt und zum Beispiel eine h\u00fcbsche dicke B\u00e4ckerbrezel mit Krone im Stein verewigt. Auch einen Schl\u00fcssel kann man entdecken. Die Jahreszahlen dazu gehen ins 15. Jahrhundert zur\u00fcck. Eine gekr\u00f6nte Brezel ist das Zunftzeichen der B\u00e4cker. Der Schl\u00fcssel k\u00f6nnte auf Schlosser verweisen, die das Grab besucht haben.<\/p>\n","protected":false},"excerpt":{"rendered":"<p>18 Ich war hier! Nicht erst heute ritzen die Leute ihre Initialen in B\u00e4ume oder Parkb\u00e4nke. Initialen wurden schon immer in besondere Artefakte gekratzt. Am Heiligen Grab in G\u00f6rlitz haben die mittelalterlichen Pilger auch R\u00f6telstifte benutzt und zum Beispiel eine h\u00fcbsche dicke B\u00e4ckerbrezel mit Krone im Stein verewigt. Auch einen Schl\u00fcssel kann man entdecken. Die &hellip; <a href=\"https:\/\/stadt-adventskalender.de\/goerlitz2019\/18-2\/\" class=\"more-link\"><span class=\"screen-reader-text\">18<\/span> weiterlesen<\/a><\/p>\n","protected":false},"author":1,"featured_media":0,"comment_status":"closed","ping_status":"open","sticky":false,"template":"","format":"standard","meta":{"footnotes":""},"categories":[4],"tags":[],"class_list":["post-125","post","type-post","status-publish","format-standard","hentry","category-alle-offenen-turchen"],"translation":{"provider":"WPGlobus","version":"3.0.0","language":"de","enabled_languages":["de","en"],"languages":{"de":{"title":true,"content":true,"excerpt":false},"en":{"title":false,"content":true,"excerpt":false}}},"publishpress_future_action":{"enabled":false,"date":"2026-05-09 11:06:50","action":"change-status","newStatus":"draft","terms":[],"taxonomy":"category","extraData":[]},"publishpress_future_workflow_manual_trigger":{"enabledWorkflows":[]},"_links":{"self":[{"href":"https:\/\/stadt-adventskalender.de\/goerlitz2019\/wp-json\/wp\/v2\/posts\/125","targetHints":{"allow":["GET"]}}],"collection":[{"href":"https:\/\/stadt-adventskalender.de\/goerlitz2019\/wp-json\/wp\/v2\/posts"}],"about":[{"href":"https:\/\/stadt-adventskalender.de\/goerlitz2019\/wp-json\/wp\/v2\/types\/post"}],"author":[{"embeddable":true,"href":"https:\/\/stadt-adventskalender.de\/goerlitz2019\/wp-json\/wp\/v2\/users\/1"}],"replies":[{"embeddable":true,"href":"https:\/\/stadt-adventskalender.de\/goerlitz2019\/wp-json\/wp\/v2\/comments?post=125"}],"version-history":[{"count":4,"href":"https:\/\/stadt-adventskalender.de\/goerlitz2019\/wp-json\/wp\/v2\/posts\/125\/revisions"}],"predecessor-version":[{"id":438,"href":"https:\/\/stadt-adventskalender.de\/goerlitz2019\/wp-json\/wp\/v2\/posts\/125\/revisions\/438"}],"wp:attachment":[{"href":"https:\/\/stadt-adventskalender.de\/goerlitz2019\/wp-json\/wp\/v2\/media?parent=125"}],"wp:term":[{"taxonomy":"category","embeddable":true,"href":"https:\/\/stadt-adventskalender.de\/goerlitz2019\/wp-json\/wp\/v2\/categories?post=125"},{"taxonomy":"post_tag","embeddable":true,"href":"https:\/\/stadt-adventskalender.de\/goerlitz2019\/wp-json\/wp\/v2\/tags?post=125"}],"curies":[{"name":"wp","href":"https:\/\/api.w.org\/{rel}","templated":true}]}}