{"id":121,"date":"2025-12-17T00:00:00","date_gmt":"2025-12-16T23:00:00","guid":{"rendered":"http:\/\/stadt-adventskalender.de\/goerlitz2019\/?p=121"},"modified":"2025-11-17T22:29:31","modified_gmt":"2025-11-17T21:29:31","slug":"17-2","status":"publish","type":"post","link":"https:\/\/stadt-adventskalender.de\/goerlitz2019\/17-2\/","title":{"rendered":"17"},"content":{"rendered":"<h1>17<img loading=\"lazy\" decoding=\"async\" class=\"alignnone wp-image-45 size-full\" src=\"https:\/\/stadt-adventskalender.de\/goerlitz2019\/wp-content\/uploads\/sites\/15\/2019\/10\/17.png\" alt=\"\" width=\"300\" height=\"300\" srcset=\"https:\/\/stadt-adventskalender.de\/goerlitz2019\/wp-content\/uploads\/sites\/15\/2019\/10\/17.png 300w, https:\/\/stadt-adventskalender.de\/goerlitz2019\/wp-content\/uploads\/sites\/15\/2019\/10\/17-150x150.png 150w\" sizes=\"auto, (max-width: 300px) 100vw, 300px\" \/><\/h1>\n<h4>Sternengucker<\/h4>\n<p>Die Stadt G\u00f6rlitz kann auf astronomische Traditionen verweisen, die bis in die Renaissance zur\u00fcckreichen. Davon zeugt, neben den Uhren am Untermarkt, auch das Wirken des G\u00f6rlitzer B\u00fcrgermeisters und Gelehrten Bartholom\u00e4us Scultetus. Er war ein gefragter Gespr\u00e4chspartner f\u00fcr Astronomen seiner Zeit wie Johannes Kepler und Tycho Brahe. Auch als Lehrer am Gymnasium Augustum auf dem Klosterplatz wirkte er. Dieses Gymnasium erhielt einen Neubau mit Sternwartenturm, der am 15. Oktober 1856 \u00fcbergeben wurde.<\/p>\n","protected":false},"excerpt":{"rendered":"<p>17 Sternengucker Die Stadt G\u00f6rlitz kann auf astronomische Traditionen verweisen, die bis in die Renaissance zur\u00fcckreichen. Davon zeugt, neben den Uhren am Untermarkt, auch das Wirken des G\u00f6rlitzer B\u00fcrgermeisters und Gelehrten Bartholom\u00e4us Scultetus. Er war ein gefragter Gespr\u00e4chspartner f\u00fcr Astronomen seiner Zeit wie Johannes Kepler und Tycho Brahe. Auch als Lehrer am Gymnasium Augustum auf &hellip; <a href=\"https:\/\/stadt-adventskalender.de\/goerlitz2019\/17-2\/\" class=\"more-link\"><span class=\"screen-reader-text\">17<\/span> weiterlesen<\/a><\/p>\n","protected":false},"author":1,"featured_media":0,"comment_status":"closed","ping_status":"open","sticky":false,"template":"","format":"standard","meta":{"footnotes":""},"categories":[4],"tags":[],"class_list":["post-121","post","type-post","status-publish","format-standard","hentry","category-alle-offenen-turchen"],"translation":{"provider":"WPGlobus","version":"3.0.0","language":"de","enabled_languages":["de","en"],"languages":{"de":{"title":true,"content":true,"excerpt":false},"en":{"title":true,"content":true,"excerpt":false}}},"publishpress_future_action":{"enabled":false,"date":"2026-05-09 11:06:52","action":"change-status","newStatus":"draft","terms":[],"taxonomy":"category","extraData":[]},"publishpress_future_workflow_manual_trigger":{"enabledWorkflows":[]},"_links":{"self":[{"href":"https:\/\/stadt-adventskalender.de\/goerlitz2019\/wp-json\/wp\/v2\/posts\/121","targetHints":{"allow":["GET"]}}],"collection":[{"href":"https:\/\/stadt-adventskalender.de\/goerlitz2019\/wp-json\/wp\/v2\/posts"}],"about":[{"href":"https:\/\/stadt-adventskalender.de\/goerlitz2019\/wp-json\/wp\/v2\/types\/post"}],"author":[{"embeddable":true,"href":"https:\/\/stadt-adventskalender.de\/goerlitz2019\/wp-json\/wp\/v2\/users\/1"}],"replies":[{"embeddable":true,"href":"https:\/\/stadt-adventskalender.de\/goerlitz2019\/wp-json\/wp\/v2\/comments?post=121"}],"version-history":[{"count":5,"href":"https:\/\/stadt-adventskalender.de\/goerlitz2019\/wp-json\/wp\/v2\/posts\/121\/revisions"}],"predecessor-version":[{"id":437,"href":"https:\/\/stadt-adventskalender.de\/goerlitz2019\/wp-json\/wp\/v2\/posts\/121\/revisions\/437"}],"wp:attachment":[{"href":"https:\/\/stadt-adventskalender.de\/goerlitz2019\/wp-json\/wp\/v2\/media?parent=121"}],"wp:term":[{"taxonomy":"category","embeddable":true,"href":"https:\/\/stadt-adventskalender.de\/goerlitz2019\/wp-json\/wp\/v2\/categories?post=121"},{"taxonomy":"post_tag","embeddable":true,"href":"https:\/\/stadt-adventskalender.de\/goerlitz2019\/wp-json\/wp\/v2\/tags?post=121"}],"curies":[{"name":"wp","href":"https:\/\/api.w.org\/{rel}","templated":true}]}}