{"id":118,"date":"2025-12-16T00:00:00","date_gmt":"2025-12-15T23:00:00","guid":{"rendered":"http:\/\/stadt-adventskalender.de\/goerlitz2019\/?p=118"},"modified":"2025-11-17T22:29:51","modified_gmt":"2025-11-17T21:29:51","slug":"16-2","status":"publish","type":"post","link":"https:\/\/stadt-adventskalender.de\/goerlitz2019\/16-2\/","title":{"rendered":"16"},"content":{"rendered":"<h1>16<img loading=\"lazy\" decoding=\"async\" class=\"alignnone wp-image-44 size-full\" src=\"https:\/\/stadt-adventskalender.de\/goerlitz2019\/wp-content\/uploads\/sites\/15\/2019\/10\/16.png\" alt=\"\" width=\"300\" height=\"300\" srcset=\"https:\/\/stadt-adventskalender.de\/goerlitz2019\/wp-content\/uploads\/sites\/15\/2019\/10\/16.png 300w, https:\/\/stadt-adventskalender.de\/goerlitz2019\/wp-content\/uploads\/sites\/15\/2019\/10\/16-150x150.png 150w\" sizes=\"auto, (max-width: 300px) 100vw, 300px\" \/><\/h1>\n<h4>Posaunen und Trompeten<\/h4>\n<p>Der Stadtbrand von 1691 zerst\u00f6rte in der Peterskirche fast das gesamte gotische Inventar. Darunter mehr als 30 Schnitzalt\u00e4re, das Gel\u00e4ut, beide Orgeln, kostbare Messgew\u00e4nder, Altarger\u00e4te und B\u00fccher. Durch das Himmelsloch, einer kreisrunden \u00d6ffnung in der Mitte des Kirchengew\u00f6lbes, war das Feuer vom Dachstuhl ins Kirchenschiff gelangt.<br \/>\nVon den Flammen verschont blieb das schmiedeeiserne Gitter der Taufkapelle, ein Meisterst\u00fcck G\u00f6rlitzer Kunstschlosserei der Sp\u00e4trenaissance. Neben kr\u00e4ftig trompetenden Engeln wehren auf ihm W\u00e4chter mit schneckenartigen Helmen b\u00f6se Geister ab.<\/p>\n","protected":false},"excerpt":{"rendered":"<p>16 Posaunen und Trompeten Der Stadtbrand von 1691 zerst\u00f6rte in der Peterskirche fast das gesamte gotische Inventar. Darunter mehr als 30 Schnitzalt\u00e4re, das Gel\u00e4ut, beide Orgeln, kostbare Messgew\u00e4nder, Altarger\u00e4te und B\u00fccher. Durch das Himmelsloch, einer kreisrunden \u00d6ffnung in der Mitte des Kirchengew\u00f6lbes, war das Feuer vom Dachstuhl ins Kirchenschiff gelangt. Von den Flammen verschont blieb &hellip; <a href=\"https:\/\/stadt-adventskalender.de\/goerlitz2019\/16-2\/\" class=\"more-link\"><span class=\"screen-reader-text\">16<\/span> weiterlesen<\/a><\/p>\n","protected":false},"author":1,"featured_media":0,"comment_status":"closed","ping_status":"open","sticky":false,"template":"","format":"standard","meta":{"footnotes":""},"categories":[4],"tags":[],"class_list":["post-118","post","type-post","status-publish","format-standard","hentry","category-alle-offenen-turchen"],"translation":{"provider":"WPGlobus","version":"3.0.0","language":"de","enabled_languages":["de","en"],"languages":{"de":{"title":true,"content":true,"excerpt":false},"en":{"title":true,"content":true,"excerpt":false}}},"publishpress_future_action":{"enabled":false,"date":"2026-05-09 11:06:50","action":"change-status","newStatus":"draft","terms":[],"taxonomy":"category","extraData":[]},"publishpress_future_workflow_manual_trigger":{"enabledWorkflows":[]},"_links":{"self":[{"href":"https:\/\/stadt-adventskalender.de\/goerlitz2019\/wp-json\/wp\/v2\/posts\/118","targetHints":{"allow":["GET"]}}],"collection":[{"href":"https:\/\/stadt-adventskalender.de\/goerlitz2019\/wp-json\/wp\/v2\/posts"}],"about":[{"href":"https:\/\/stadt-adventskalender.de\/goerlitz2019\/wp-json\/wp\/v2\/types\/post"}],"author":[{"embeddable":true,"href":"https:\/\/stadt-adventskalender.de\/goerlitz2019\/wp-json\/wp\/v2\/users\/1"}],"replies":[{"embeddable":true,"href":"https:\/\/stadt-adventskalender.de\/goerlitz2019\/wp-json\/wp\/v2\/comments?post=118"}],"version-history":[{"count":7,"href":"https:\/\/stadt-adventskalender.de\/goerlitz2019\/wp-json\/wp\/v2\/posts\/118\/revisions"}],"predecessor-version":[{"id":461,"href":"https:\/\/stadt-adventskalender.de\/goerlitz2019\/wp-json\/wp\/v2\/posts\/118\/revisions\/461"}],"wp:attachment":[{"href":"https:\/\/stadt-adventskalender.de\/goerlitz2019\/wp-json\/wp\/v2\/media?parent=118"}],"wp:term":[{"taxonomy":"category","embeddable":true,"href":"https:\/\/stadt-adventskalender.de\/goerlitz2019\/wp-json\/wp\/v2\/categories?post=118"},{"taxonomy":"post_tag","embeddable":true,"href":"https:\/\/stadt-adventskalender.de\/goerlitz2019\/wp-json\/wp\/v2\/tags?post=118"}],"curies":[{"name":"wp","href":"https:\/\/api.w.org\/{rel}","templated":true}]}}