{"id":108,"date":"2025-12-14T00:00:00","date_gmt":"2025-12-13T23:00:00","guid":{"rendered":"http:\/\/stadt-adventskalender.de\/goerlitz2019\/?p=108"},"modified":"2025-11-17T22:30:42","modified_gmt":"2025-11-17T21:30:42","slug":"14-2","status":"publish","type":"post","link":"https:\/\/stadt-adventskalender.de\/goerlitz2019\/14-2\/","title":{"rendered":"14"},"content":{"rendered":"<h1>14<img loading=\"lazy\" decoding=\"async\" class=\"alignnone wp-image-42 size-full\" src=\"https:\/\/stadt-adventskalender.de\/goerlitz2019\/wp-content\/uploads\/sites\/15\/2019\/10\/14.png\" alt=\"\" width=\"300\" height=\"300\" srcset=\"https:\/\/stadt-adventskalender.de\/goerlitz2019\/wp-content\/uploads\/sites\/15\/2019\/10\/14.png 300w, https:\/\/stadt-adventskalender.de\/goerlitz2019\/wp-content\/uploads\/sites\/15\/2019\/10\/14-150x150.png 150w\" sizes=\"auto, (max-width: 300px) 100vw, 300px\" \/><\/h1>\n<h4>Die Minna vom Postplatz<\/h4>\n<p>1994 schwebte die neue Muschelminna an dicken Seilen \u00fcber dem Postplatz und vervollst\u00e4ndigte nach vielen Jahren den Kunstbrunnen in der Mitte des Platzes. 1942 wurde die nackte Sch\u00f6ne als kriegswichtig f\u00fcr die R\u00fcstungsproduktion eingeschmolzen. Nun h\u00e4lt die bronzene Flora, r\u00f6mische G\u00f6ttin der Natur, ihre Riesenmuschel wieder in die H\u00f6he, aus der das Wasser in das Brunnenbecken sprudelt.<br \/>\nZwei m\u00e4nnliche und zwei weibliche allegorische Gestalten an den vier Ecken, verk\u00f6rpern laut seinem Sch\u00f6pfer, dem Bildhauer Robert Toberentz, \u201eRomantik, Nutzen, Ver\u00e4nderlichkeit und Kraft\u201c.<\/p>\n","protected":false},"excerpt":{"rendered":"<p>14 Die Minna vom Postplatz 1994 schwebte die neue Muschelminna an dicken Seilen \u00fcber dem Postplatz und vervollst\u00e4ndigte nach vielen Jahren den Kunstbrunnen in der Mitte des Platzes. 1942 wurde die nackte Sch\u00f6ne als kriegswichtig f\u00fcr die R\u00fcstungsproduktion eingeschmolzen. Nun h\u00e4lt die bronzene Flora, r\u00f6mische G\u00f6ttin der Natur, ihre Riesenmuschel wieder in die H\u00f6he, aus &hellip; <a href=\"https:\/\/stadt-adventskalender.de\/goerlitz2019\/14-2\/\" class=\"more-link\"><span class=\"screen-reader-text\">14<\/span> weiterlesen<\/a><\/p>\n","protected":false},"author":1,"featured_media":0,"comment_status":"closed","ping_status":"open","sticky":false,"template":"","format":"standard","meta":{"footnotes":""},"categories":[4],"tags":[],"class_list":["post-108","post","type-post","status-publish","format-standard","hentry","category-alle-offenen-turchen"],"translation":{"provider":"WPGlobus","version":"3.0.0","language":"de","enabled_languages":["de","en"],"languages":{"de":{"title":true,"content":true,"excerpt":false},"en":{"title":false,"content":true,"excerpt":false}}},"publishpress_future_action":{"enabled":false,"date":"2026-05-09 11:06:51","action":"change-status","newStatus":"draft","terms":[],"taxonomy":"category","extraData":[]},"publishpress_future_workflow_manual_trigger":{"enabledWorkflows":[]},"_links":{"self":[{"href":"https:\/\/stadt-adventskalender.de\/goerlitz2019\/wp-json\/wp\/v2\/posts\/108","targetHints":{"allow":["GET"]}}],"collection":[{"href":"https:\/\/stadt-adventskalender.de\/goerlitz2019\/wp-json\/wp\/v2\/posts"}],"about":[{"href":"https:\/\/stadt-adventskalender.de\/goerlitz2019\/wp-json\/wp\/v2\/types\/post"}],"author":[{"embeddable":true,"href":"https:\/\/stadt-adventskalender.de\/goerlitz2019\/wp-json\/wp\/v2\/users\/1"}],"replies":[{"embeddable":true,"href":"https:\/\/stadt-adventskalender.de\/goerlitz2019\/wp-json\/wp\/v2\/comments?post=108"}],"version-history":[{"count":5,"href":"https:\/\/stadt-adventskalender.de\/goerlitz2019\/wp-json\/wp\/v2\/posts\/108\/revisions"}],"predecessor-version":[{"id":429,"href":"https:\/\/stadt-adventskalender.de\/goerlitz2019\/wp-json\/wp\/v2\/posts\/108\/revisions\/429"}],"wp:attachment":[{"href":"https:\/\/stadt-adventskalender.de\/goerlitz2019\/wp-json\/wp\/v2\/media?parent=108"}],"wp:term":[{"taxonomy":"category","embeddable":true,"href":"https:\/\/stadt-adventskalender.de\/goerlitz2019\/wp-json\/wp\/v2\/categories?post=108"},{"taxonomy":"post_tag","embeddable":true,"href":"https:\/\/stadt-adventskalender.de\/goerlitz2019\/wp-json\/wp\/v2\/tags?post=108"}],"curies":[{"name":"wp","href":"https:\/\/api.w.org\/{rel}","templated":true}]}}