{"id":102,"date":"2025-12-12T00:00:00","date_gmt":"2025-12-11T23:00:00","guid":{"rendered":"http:\/\/stadt-adventskalender.de\/goerlitz2019\/?p=102"},"modified":"2025-11-17T22:31:05","modified_gmt":"2025-11-17T21:31:05","slug":"12-2","status":"publish","type":"post","link":"https:\/\/stadt-adventskalender.de\/goerlitz2019\/12-2\/","title":{"rendered":"12"},"content":{"rendered":"<h1>12<img loading=\"lazy\" decoding=\"async\" class=\"alignnone wp-image-40 size-full\" src=\"https:\/\/stadt-adventskalender.de\/goerlitz2019\/wp-content\/uploads\/sites\/15\/2019\/10\/12.png\" alt=\"\" width=\"300\" height=\"300\" srcset=\"https:\/\/stadt-adventskalender.de\/goerlitz2019\/wp-content\/uploads\/sites\/15\/2019\/10\/12.png 300w, https:\/\/stadt-adventskalender.de\/goerlitz2019\/wp-content\/uploads\/sites\/15\/2019\/10\/12-150x150.png 150w\" sizes=\"auto, (max-width: 300px) 100vw, 300px\" \/><\/h1>\n<h4>Und sonntags auch mal zwei<\/h4>\n<p>Am Untermarkt erinnert eine Tafel an den Gr\u00fcnder eines Vereins mit kuriosem Namen, den \u201eH\u00fchnerologischen Verein G\u00f6rlitz\u201c, tats\u00e4chlich der erste Gefl\u00fcgelzuchtverein in Deutschland. Bereits im dritten Jahr z\u00e4hlte er 600 Mitglieder. Der 1798 im Haus Untermarkt 2 geborene Karl Robert Oettel handelte mit Tuch. H\u00fchnerz\u00fcchter war der Kaufmann nur aus Liebhaberei. Erstmals importierte er asiatische H\u00fchnerrassen, die, im Gegensatz zu den einheimischen Rassen, ganzj\u00e4hrig Eier legten und etablierte so die deutsche Rassegefl\u00fcgelzucht.<\/p>\n","protected":false},"excerpt":{"rendered":"<p>12 Und sonntags auch mal zwei Am Untermarkt erinnert eine Tafel an den Gr\u00fcnder eines Vereins mit kuriosem Namen, den \u201eH\u00fchnerologischen Verein G\u00f6rlitz\u201c, tats\u00e4chlich der erste Gefl\u00fcgelzuchtverein in Deutschland. Bereits im dritten Jahr z\u00e4hlte er 600 Mitglieder. Der 1798 im Haus Untermarkt 2 geborene Karl Robert Oettel handelte mit Tuch. H\u00fchnerz\u00fcchter war der Kaufmann nur &hellip; <a href=\"https:\/\/stadt-adventskalender.de\/goerlitz2019\/12-2\/\" class=\"more-link\"><span class=\"screen-reader-text\">12<\/span> weiterlesen<\/a><\/p>\n","protected":false},"author":1,"featured_media":0,"comment_status":"closed","ping_status":"open","sticky":false,"template":"","format":"standard","meta":{"footnotes":""},"categories":[4],"tags":[],"class_list":["post-102","post","type-post","status-publish","format-standard","hentry","category-alle-offenen-turchen"],"translation":{"provider":"WPGlobus","version":"3.0.0","language":"de","enabled_languages":["de","en"],"languages":{"de":{"title":true,"content":true,"excerpt":false},"en":{"title":true,"content":true,"excerpt":false}}},"publishpress_future_action":{"enabled":false,"date":"2026-05-09 11:06:52","action":"change-status","newStatus":"draft","terms":[],"taxonomy":"category","extraData":[]},"publishpress_future_workflow_manual_trigger":{"enabledWorkflows":[]},"_links":{"self":[{"href":"https:\/\/stadt-adventskalender.de\/goerlitz2019\/wp-json\/wp\/v2\/posts\/102","targetHints":{"allow":["GET"]}}],"collection":[{"href":"https:\/\/stadt-adventskalender.de\/goerlitz2019\/wp-json\/wp\/v2\/posts"}],"about":[{"href":"https:\/\/stadt-adventskalender.de\/goerlitz2019\/wp-json\/wp\/v2\/types\/post"}],"author":[{"embeddable":true,"href":"https:\/\/stadt-adventskalender.de\/goerlitz2019\/wp-json\/wp\/v2\/users\/1"}],"replies":[{"embeddable":true,"href":"https:\/\/stadt-adventskalender.de\/goerlitz2019\/wp-json\/wp\/v2\/comments?post=102"}],"version-history":[{"count":7,"href":"https:\/\/stadt-adventskalender.de\/goerlitz2019\/wp-json\/wp\/v2\/posts\/102\/revisions"}],"predecessor-version":[{"id":426,"href":"https:\/\/stadt-adventskalender.de\/goerlitz2019\/wp-json\/wp\/v2\/posts\/102\/revisions\/426"}],"wp:attachment":[{"href":"https:\/\/stadt-adventskalender.de\/goerlitz2019\/wp-json\/wp\/v2\/media?parent=102"}],"wp:term":[{"taxonomy":"category","embeddable":true,"href":"https:\/\/stadt-adventskalender.de\/goerlitz2019\/wp-json\/wp\/v2\/categories?post=102"},{"taxonomy":"post_tag","embeddable":true,"href":"https:\/\/stadt-adventskalender.de\/goerlitz2019\/wp-json\/wp\/v2\/tags?post=102"}],"curies":[{"name":"wp","href":"https:\/\/api.w.org\/{rel}","templated":true}]}}