{"id":94,"date":"2025-12-10T00:00:00","date_gmt":"2025-12-09T23:00:00","guid":{"rendered":"http:\/\/stadt-adventskalender.de\/goerlitz2019\/?p=94"},"modified":"2025-11-17T22:31:43","modified_gmt":"2025-11-17T21:31:43","slug":"10-2","status":"publish","type":"post","link":"https:\/\/stadt-adventskalender.de\/goerlitz2019\/en\/10-2\/","title":{"rendered":"10"},"content":{"rendered":"<h1>10<img loading=\"lazy\" decoding=\"async\" class=\"alignnone wp-image-38 size-full\" src=\"https:\/\/stadt-adventskalender.de\/goerlitz2019\/wp-content\/uploads\/sites\/15\/2019\/10\/10.png\" alt=\"\" width=\"300\" height=\"300\" srcset=\"https:\/\/stadt-adventskalender.de\/goerlitz2019\/wp-content\/uploads\/sites\/15\/2019\/10\/10.png 300w, https:\/\/stadt-adventskalender.de\/goerlitz2019\/wp-content\/uploads\/sites\/15\/2019\/10\/10-150x150.png 150w\" sizes=\"auto, (max-width: 300px) 100vw, 300px\" \/><\/h1>\n<h4>Philosophical footprint<\/h4>\n<p>Jacob B\u00f6hme is the most prominent citizen of G\u00f6rlitz. But why so many shoeshops are named after him is probably only known to the inhabitants of G\u00f6rlitz. B\u00f6hme was a shoemaker; a workbench complete with the shoemaker&#8217;s ball, a water-filled glass ball used to focus the dimm light of a candle in the workspace, similar to the one probably used by B\u00f6hme, is on display in the Kaisertrutz. In 1612 this shoemaker without any academic training wrote the amazing book &#8220;Aurora oder Morgenr\u00f6te im Aufgang&#8221; (Aurora or the rise of dawn). In this and a number of other writings B\u00f6hme dealt with his own mystical experiences which turned him into a theosophist, mystic and philosopher. Hegel later called him the first German philosopher.<br \/>\nB\u00f6hme&#8217;s house glistens red on the Polish bank of the River Nei\u00dfe; his grave can be found on Nikolaifriedhof (Nikolai graveyard).<\/p>\n","protected":false},"excerpt":{"rendered":"<p>10 Philosophical footprint Jacob B\u00f6hme is the most prominent citizen of G\u00f6rlitz. But why so many shoeshops are named after him is probably only known to the inhabitants of G\u00f6rlitz. B\u00f6hme was a shoemaker; a workbench complete with the shoemaker&#8217;s ball, a water-filled glass ball used to focus the dimm light of a candle in &hellip; <a href=\"https:\/\/stadt-adventskalender.de\/goerlitz2019\/en\/10-2\/\" class=\"more-link\">Continue reading <span class=\"screen-reader-text\">10<\/span><\/a><\/p>\n","protected":false},"author":1,"featured_media":0,"comment_status":"closed","ping_status":"open","sticky":false,"template":"","format":"standard","meta":{"footnotes":""},"categories":[4],"tags":[],"class_list":["post-94","post","type-post","status-publish","format-standard","hentry","category-alle-offenen-turchen"],"translation":{"provider":"WPGlobus","version":"3.0.0","language":"en","enabled_languages":["de","en"],"languages":{"de":{"title":true,"content":true,"excerpt":false},"en":{"title":false,"content":true,"excerpt":false}}},"publishpress_future_action":{"enabled":false,"date":"2026-05-09 12:02:28","action":"change-status","newStatus":"draft","terms":[],"taxonomy":"category","extraData":[]},"publishpress_future_workflow_manual_trigger":{"enabledWorkflows":[]},"_links":{"self":[{"href":"https:\/\/stadt-adventskalender.de\/goerlitz2019\/en\/wp-json\/wp\/v2\/posts\/94","targetHints":{"allow":["GET"]}}],"collection":[{"href":"https:\/\/stadt-adventskalender.de\/goerlitz2019\/en\/wp-json\/wp\/v2\/posts"}],"about":[{"href":"https:\/\/stadt-adventskalender.de\/goerlitz2019\/en\/wp-json\/wp\/v2\/types\/post"}],"author":[{"embeddable":true,"href":"https:\/\/stadt-adventskalender.de\/goerlitz2019\/en\/wp-json\/wp\/v2\/users\/1"}],"replies":[{"embeddable":true,"href":"https:\/\/stadt-adventskalender.de\/goerlitz2019\/en\/wp-json\/wp\/v2\/comments?post=94"}],"version-history":[{"count":5,"href":"https:\/\/stadt-adventskalender.de\/goerlitz2019\/en\/wp-json\/wp\/v2\/posts\/94\/revisions"}],"predecessor-version":[{"id":420,"href":"https:\/\/stadt-adventskalender.de\/goerlitz2019\/en\/wp-json\/wp\/v2\/posts\/94\/revisions\/420"}],"wp:attachment":[{"href":"https:\/\/stadt-adventskalender.de\/goerlitz2019\/en\/wp-json\/wp\/v2\/media?parent=94"}],"wp:term":[{"taxonomy":"category","embeddable":true,"href":"https:\/\/stadt-adventskalender.de\/goerlitz2019\/en\/wp-json\/wp\/v2\/categories?post=94"},{"taxonomy":"post_tag","embeddable":true,"href":"https:\/\/stadt-adventskalender.de\/goerlitz2019\/en\/wp-json\/wp\/v2\/tags?post=94"}],"curies":[{"name":"wp","href":"https:\/\/api.w.org\/{rel}","templated":true}]}}