{"id":56,"date":"2025-12-02T00:00:00","date_gmt":"2025-12-01T23:00:00","guid":{"rendered":"http:\/\/stadt-adventskalender.de\/goerlitz2019\/?p=56"},"modified":"2025-11-17T22:34:37","modified_gmt":"2025-11-17T21:34:37","slug":"02","status":"publish","type":"post","link":"https:\/\/stadt-adventskalender.de\/goerlitz2019\/en\/02\/","title":{"rendered":"02"},"content":{"rendered":"<h1>2<img loading=\"lazy\" decoding=\"async\" class=\"alignnone wp-image-30 size-full\" src=\"https:\/\/stadt-adventskalender.de\/goerlitz2019\/wp-content\/uploads\/sites\/15\/2019\/10\/02.png\" alt=\"\" width=\"300\" height=\"300\" srcset=\"https:\/\/stadt-adventskalender.de\/goerlitz2019\/wp-content\/uploads\/sites\/15\/2019\/10\/02.png 300w, https:\/\/stadt-adventskalender.de\/goerlitz2019\/wp-content\/uploads\/sites\/15\/2019\/10\/02-150x150.png 150w\" sizes=\"auto, (max-width: 300px) 100vw, 300px\" \/><\/h1>\n<h4>Pretty blue<\/h4>\n<p>A rather nondescript plant &#8211; dyers woad traditionally grown in Thuringia \u2013 was the source of wealth for G\u00f6rlitz. The indigo it contained was used during medieval times to dye cloth in an intensive purple-blue. The woad only released its precious dye after a very smelly treatment. The dried plant was soaked in water and urine and the textiles were tub-dyed in this unsavoury fermented mixture. The wet cloth [Ich habe hier nicht von wei\u00dfem Stoff gesprochen, denn ich habe F\u00e4rbungen von Garn und Stoffen mit Waid gesehen und sie sind nach meiner Erinnerung nicht wei\u00df, sondern mehr oder weniger intensiv gr\u00fcn, wenn sie aus der K\u00fcpe kommen; sobald das F\u00e4rbegut herausgenommen wird, schl\u00e4gt die Farbe in das charakteristische Blau um] was spread out in the sun and the exposure to light turned the dye into the characteristic bright shade of blue. The fermentation process and the urine turning stale caused nauseating smells. Every time a dying day came up the dyer&#8217;s assistants drank large amounts of ale in order to provide the urine needed for the process. Whether their notorious hangovers are the origin of German expressions like \u201eblau machen\u201c or \u201eBlauer Montag\u201c, both denoting the unanounced absence of employees from work or students from school is not quite sure \u2013 though it sounds plausible.<\/p>\n","protected":false},"excerpt":{"rendered":"<p>2 Pretty blue A rather nondescript plant &#8211; dyers woad traditionally grown in Thuringia \u2013 was the source of wealth for G\u00f6rlitz. The indigo it contained was used during medieval times to dye cloth in an intensive purple-blue. The woad only released its precious dye after a very smelly treatment. The dried plant was soaked &hellip; <a href=\"https:\/\/stadt-adventskalender.de\/goerlitz2019\/en\/02\/\" class=\"more-link\">Continue reading <span class=\"screen-reader-text\">02<\/span><\/a><\/p>\n","protected":false},"author":1,"featured_media":0,"comment_status":"closed","ping_status":"open","sticky":false,"template":"","format":"standard","meta":{"footnotes":""},"categories":[4],"tags":[],"class_list":["post-56","post","type-post","status-publish","format-standard","hentry","category-alle-offenen-turchen"],"translation":{"provider":"WPGlobus","version":"3.0.0","language":"en","enabled_languages":["de","en"],"languages":{"de":{"title":true,"content":true,"excerpt":false},"en":{"title":true,"content":true,"excerpt":false}}},"publishpress_future_action":{"enabled":false,"date":"2026-05-09 12:02:28","action":"change-status","newStatus":"draft","terms":[],"taxonomy":"category","extraData":[]},"publishpress_future_workflow_manual_trigger":{"enabledWorkflows":[]},"_links":{"self":[{"href":"https:\/\/stadt-adventskalender.de\/goerlitz2019\/en\/wp-json\/wp\/v2\/posts\/56","targetHints":{"allow":["GET"]}}],"collection":[{"href":"https:\/\/stadt-adventskalender.de\/goerlitz2019\/en\/wp-json\/wp\/v2\/posts"}],"about":[{"href":"https:\/\/stadt-adventskalender.de\/goerlitz2019\/en\/wp-json\/wp\/v2\/types\/post"}],"author":[{"embeddable":true,"href":"https:\/\/stadt-adventskalender.de\/goerlitz2019\/en\/wp-json\/wp\/v2\/users\/1"}],"replies":[{"embeddable":true,"href":"https:\/\/stadt-adventskalender.de\/goerlitz2019\/en\/wp-json\/wp\/v2\/comments?post=56"}],"version-history":[{"count":10,"href":"https:\/\/stadt-adventskalender.de\/goerlitz2019\/en\/wp-json\/wp\/v2\/posts\/56\/revisions"}],"predecessor-version":[{"id":400,"href":"https:\/\/stadt-adventskalender.de\/goerlitz2019\/en\/wp-json\/wp\/v2\/posts\/56\/revisions\/400"}],"wp:attachment":[{"href":"https:\/\/stadt-adventskalender.de\/goerlitz2019\/en\/wp-json\/wp\/v2\/media?parent=56"}],"wp:term":[{"taxonomy":"category","embeddable":true,"href":"https:\/\/stadt-adventskalender.de\/goerlitz2019\/en\/wp-json\/wp\/v2\/categories?post=56"},{"taxonomy":"post_tag","embeddable":true,"href":"https:\/\/stadt-adventskalender.de\/goerlitz2019\/en\/wp-json\/wp\/v2\/tags?post=56"}],"curies":[{"name":"wp","href":"https:\/\/api.w.org\/{rel}","templated":true}]}}