{"id":285,"date":"2025-12-16T00:00:49","date_gmt":"2025-12-15T23:00:49","guid":{"rendered":"https:\/\/stadt-adventskalender.de\/friedrichshain\/?p=285"},"modified":"2025-12-15T19:22:08","modified_gmt":"2025-12-15T18:22:08","slug":"16-heute-2","status":"publish","type":"post","link":"https:\/\/stadt-adventskalender.de\/friedrichshain\/2025\/12\/16\/16-heute-2\/","title":{"rendered":"16-heute"},"content":{"rendered":"<h1>16 <img loading=\"lazy\" decoding=\"async\" class=\"alignnone size-full wp-image-17\" src=\"https:\/\/stadt-adventskalender.de\/friedrichshain\/wp-content\/uploads\/sites\/24\/2025\/11\/16-cafe-sibylle.png\" alt=\"\" width=\"300\" height=\"300\" \/><\/h1>\n<h4>Das Caf\u00e9 \u201eSibylle\u201c<\/h4>\n<p>Wer auf den Gedanken kam, das 1953 er\u00f6ffnete Caf\u00e9 auf der Stalinallee 72 ausgerechnet Milchtrinkhalle zu taufen, ist nicht \u00fcberliefert. Ein seltsam gesichtsloser Name f\u00fcr ein Etablissement auf dem neuen Prachtboulevard, aber wenigstens zeigte man einige Jahre sp\u00e4ter Einsicht. \u201eSibylle\u201c hie\u00df der beliebte Treffpunkt nun, nach der innovativen Frauenzeitschrift, die so aufregend gemacht und vom Publikum begehrt war, dass sie schnell den inoffiziellen Titel &#8222;Ost-Vogue&#8220; erhielt. Ob sich schon vor der Umbenennung Redakteure, Fotografen und Models in der Milchbar trafen, ist heute nicht mehr wichtig, durch Flair und Geschichte waren Magazin und Caf\u00e9 aber verbunden. <\/p>\n<p>Die Wende kam \u00fcber beide Institutionen gleicherma\u00dfen, das \u201eSibylle\u201c schloss und auch das Magazin musste nach ein paar noch sehr erfolgreichen Jahren schlie\u00dflich aufgeben. Einige ihrer bekanntesten Fotografen, wie Sibylle Bergemann und Ute und Werner Mahler, haben 1990 die Bildagentur Ostkreuz mitbegr\u00fcndet. Und auch das Caf\u00e9 unter dem markanten gelben Schriftzug ist heute wieder eine etablierte Adresse im Friedrichshain. Neben einer Ausstellung zur Stalinallee bietet es Lesungen und andere kulturelle Veranstaltungen an und auch der einst so beliebte Schweden-Eisbecher ist wieder zu haben.<\/p>\n","protected":false},"excerpt":{"rendered":"<p>16 Das Caf\u00e9 \u201eSibylle\u201c Wer auf den Gedanken kam, das 1953 er\u00f6ffnete Caf\u00e9 auf der Stalinallee 72 ausgerechnet Milchtrinkhalle zu taufen, ist nicht \u00fcberliefert. Ein seltsam gesichtsloser Name f\u00fcr ein Etablissement auf dem neuen Prachtboulevard, aber wenigstens zeigte man einige Jahre sp\u00e4ter Einsicht. \u201eSibylle\u201c hie\u00df der beliebte Treffpunkt nun, nach der innovativen Frauenzeitschrift, die so &hellip; <a href=\"https:\/\/stadt-adventskalender.de\/friedrichshain\/2025\/12\/16\/16-heute-2\/\" class=\"more-link\"><span class=\"screen-reader-text\">16-heute<\/span> weiterlesen<\/a><\/p>\n","protected":false},"author":1,"featured_media":0,"comment_status":"closed","ping_status":"open","sticky":false,"template":"","format":"standard","meta":{"footnotes":""},"categories":[3,1],"tags":[],"class_list":["post-285","post","type-post","status-publish","format-standard","hentry","category-alleoffen","category-allgemein"],"translation":{"provider":"WPGlobus","version":"3.0.0","language":"de","enabled_languages":["de","en"],"languages":{"de":{"title":true,"content":true,"excerpt":false},"en":{"title":true,"content":true,"excerpt":false}}},"publishpress_future_action":{"enabled":false,"date":"2026-05-09 12:41:34","action":"change-status","newStatus":"draft","terms":[],"taxonomy":"category","extraData":[]},"publishpress_future_workflow_manual_trigger":{"enabledWorkflows":[]},"_links":{"self":[{"href":"https:\/\/stadt-adventskalender.de\/friedrichshain\/wp-json\/wp\/v2\/posts\/285","targetHints":{"allow":["GET"]}}],"collection":[{"href":"https:\/\/stadt-adventskalender.de\/friedrichshain\/wp-json\/wp\/v2\/posts"}],"about":[{"href":"https:\/\/stadt-adventskalender.de\/friedrichshain\/wp-json\/wp\/v2\/types\/post"}],"author":[{"embeddable":true,"href":"https:\/\/stadt-adventskalender.de\/friedrichshain\/wp-json\/wp\/v2\/users\/1"}],"replies":[{"embeddable":true,"href":"https:\/\/stadt-adventskalender.de\/friedrichshain\/wp-json\/wp\/v2\/comments?post=285"}],"version-history":[{"count":1,"href":"https:\/\/stadt-adventskalender.de\/friedrichshain\/wp-json\/wp\/v2\/posts\/285\/revisions"}],"predecessor-version":[{"id":286,"href":"https:\/\/stadt-adventskalender.de\/friedrichshain\/wp-json\/wp\/v2\/posts\/285\/revisions\/286"}],"wp:attachment":[{"href":"https:\/\/stadt-adventskalender.de\/friedrichshain\/wp-json\/wp\/v2\/media?parent=285"}],"wp:term":[{"taxonomy":"category","embeddable":true,"href":"https:\/\/stadt-adventskalender.de\/friedrichshain\/wp-json\/wp\/v2\/categories?post=285"},{"taxonomy":"post_tag","embeddable":true,"href":"https:\/\/stadt-adventskalender.de\/friedrichshain\/wp-json\/wp\/v2\/tags?post=285"}],"curies":[{"name":"wp","href":"https:\/\/api.w.org\/{rel}","templated":true}]}}