{"id":238,"date":"2025-12-07T00:00:30","date_gmt":"2025-12-06T23:00:30","guid":{"rendered":"https:\/\/stadt-adventskalender.de\/friedrichshain\/?p=238"},"modified":"2025-12-03T15:24:17","modified_gmt":"2025-12-03T14:24:17","slug":"07","status":"publish","type":"post","link":"https:\/\/stadt-adventskalender.de\/friedrichshain\/2025\/12\/07\/07\/","title":{"rendered":"07"},"content":{"rendered":"<h1>7 <img loading=\"lazy\" decoding=\"async\" class=\"alignnone size-full wp-image-17\" src=\"https:\/\/stadt-adventskalender.de\/friedrichshain\/wp-content\/uploads\/sites\/24\/2025\/11\/07-Berghain.png\" alt=\"\" width=\"300\" height=\"300\" \/><\/h1>\n<h4>Subkulturelle Melancholien<\/h4>\n<p>Es gab eine Zeit, da stand er f\u00fcr das Berghain und das Berghain stand f\u00fcr die weltweit gehypte Berliner Clubszene. Aber wie immer war es nicht so einfach.<br \/>\nSven Marquardt, ganz echt aus Ostberlin, geh\u00f6rte in den 1980er Jahren zur Punk-Szene, machte eine Ausbildung als Fotograf bei der DEFA und kam durch seine Zusammenarbeit mit dem Sohn der bekannten Fotografin Helga Paris zur Modefotografie und zur Zeitschrift \u201eSibylle\u201c. Schon hier kreuzten sich zwei unterschiedliche Milieus, inszenierte (nicht nur) er diese exklusive DDR-Couture in wilden Locations, Abbruchh\u00e4usern, Lost Places und dem, was man heute Industriekultur nennt. Als die Wende kam, h\u00f6rte er zu fotografieren auf und arbeitete als T\u00fcrsteher f\u00fcr Techno-Clubs, die \u00fcberall in Ostberlin aus dem Boden schossen. Eins war das Ostgut, das sich nach verschiedenen Locations Anfang der 2000er als Berghain im Heizkraftwerk Friedrichshain neu erfand.<br \/>\nSchon davor hatte Marquardt wieder angefangen, mit der Kamera zu arbeiten, zeigte seine melancholischen, sinnlichen Fotografien in Ausstellungen rund um den Globus und hatte eine Fotoklasse an der Ostkreuzschule in Wei\u00dfensee. Sein striktes \u201eHeute leider nicht\u201c vor der Clubt\u00fcr in Friedrichshain kann der Berghain-Besucher allerdings immer noch h\u00f6ren.<\/p>\n","protected":false},"excerpt":{"rendered":"<p>7 Subkulturelle Melancholien Es gab eine Zeit, da stand er f\u00fcr das Berghain und das Berghain stand f\u00fcr die weltweit gehypte Berliner Clubszene. Aber wie immer war es nicht so einfach. Sven Marquardt, ganz echt aus Ostberlin, geh\u00f6rte in den 1980er Jahren zur Punk-Szene, machte eine Ausbildung als Fotograf bei der DEFA und kam durch &hellip; <a href=\"https:\/\/stadt-adventskalender.de\/friedrichshain\/2025\/12\/07\/07\/\" class=\"more-link\"><span class=\"screen-reader-text\">07<\/span> weiterlesen<\/a><\/p>\n","protected":false},"author":1,"featured_media":0,"comment_status":"closed","ping_status":"open","sticky":false,"template":"","format":"standard","meta":{"footnotes":""},"categories":[3,1],"tags":[],"class_list":["post-238","post","type-post","status-publish","format-standard","hentry","category-alleoffen","category-allgemein"],"translation":{"provider":"WPGlobus","version":"3.0.0","language":"de","enabled_languages":["de","en"],"languages":{"de":{"title":true,"content":true,"excerpt":false},"en":{"title":true,"content":true,"excerpt":false}}},"publishpress_future_action":{"enabled":false,"date":"2026-05-09 12:41:33","action":"change-status","newStatus":"draft","terms":[],"taxonomy":"category","extraData":[]},"publishpress_future_workflow_manual_trigger":{"enabledWorkflows":[]},"_links":{"self":[{"href":"https:\/\/stadt-adventskalender.de\/friedrichshain\/wp-json\/wp\/v2\/posts\/238","targetHints":{"allow":["GET"]}}],"collection":[{"href":"https:\/\/stadt-adventskalender.de\/friedrichshain\/wp-json\/wp\/v2\/posts"}],"about":[{"href":"https:\/\/stadt-adventskalender.de\/friedrichshain\/wp-json\/wp\/v2\/types\/post"}],"author":[{"embeddable":true,"href":"https:\/\/stadt-adventskalender.de\/friedrichshain\/wp-json\/wp\/v2\/users\/1"}],"replies":[{"embeddable":true,"href":"https:\/\/stadt-adventskalender.de\/friedrichshain\/wp-json\/wp\/v2\/comments?post=238"}],"version-history":[{"count":1,"href":"https:\/\/stadt-adventskalender.de\/friedrichshain\/wp-json\/wp\/v2\/posts\/238\/revisions"}],"predecessor-version":[{"id":239,"href":"https:\/\/stadt-adventskalender.de\/friedrichshain\/wp-json\/wp\/v2\/posts\/238\/revisions\/239"}],"wp:attachment":[{"href":"https:\/\/stadt-adventskalender.de\/friedrichshain\/wp-json\/wp\/v2\/media?parent=238"}],"wp:term":[{"taxonomy":"category","embeddable":true,"href":"https:\/\/stadt-adventskalender.de\/friedrichshain\/wp-json\/wp\/v2\/categories?post=238"},{"taxonomy":"post_tag","embeddable":true,"href":"https:\/\/stadt-adventskalender.de\/friedrichshain\/wp-json\/wp\/v2\/tags?post=238"}],"curies":[{"name":"wp","href":"https:\/\/api.w.org\/{rel}","templated":true}]}}