{"id":518,"date":"2025-12-22T00:00:00","date_gmt":"2025-12-21T23:00:00","guid":{"rendered":"http:\/\/stadt-adventskalender.de\/freiberg\/?p=518"},"modified":"2025-11-14T23:30:34","modified_gmt":"2025-11-14T22:30:34","slug":"22-2-2","status":"publish","type":"post","link":"https:\/\/stadt-adventskalender.de\/freiberg\/2025\/12\/22\/22-2-2\/","title":{"rendered":"22"},"content":{"rendered":"<h1>22<img loading=\"lazy\" decoding=\"async\" class=\"alignnone wp-image-27 size-full\" src=\"https:\/\/stadt-adventskalender.de\/freiberg\/wp-content\/uploads\/sites\/3\/2017\/11\/22.png\" alt=\"\" width=\"300\" height=\"300\" srcset=\"https:\/\/stadt-adventskalender.de\/freiberg\/wp-content\/uploads\/sites\/3\/2017\/11\/22.png 300w, https:\/\/stadt-adventskalender.de\/freiberg\/wp-content\/uploads\/sites\/3\/2017\/11\/22-150x150.png 150w, https:\/\/stadt-adventskalender.de\/freiberg\/wp-content\/uploads\/sites\/3\/2017\/11\/22-100x100.png 100w\" sizes=\"auto, (max-width: 300px) 100vw, 300px\" \/><\/h1>\n<h4>Das rechte Ma\u00df<\/h4>\n<p>Durch Poren und L\u00f6cher im Gestein gepre\u00dft bilden sich aus geschmolzenem Silber nach Abk\u00fchlung\u00a0 spiralige und durch Verschmelzung bis zu zentimeterdicke Locken. Derartige Locken aus Silber kann man in Mineraliensammlungen bewundern. Doch nicht nur f\u00fcr Schmuck und M\u00fcnzpr\u00e4gung fand das edle Metall Verwendung, in seiner Kosmographie schreibt der Universalgelehrte Qazwini im 13.Jahrhundert: <em>\u201eAuch hilft es gegen den \u00fcblen Geruch des Mundes und bringt der R\u00e4ude, Kr\u00e4tze\u00a0 und der Verstopfung des Urins sehr gro\u00dfen Nutzen. Auch wird es als Ingredienz in das Heilmittel f\u00fcr das Herzklopfen gethan und bringt sehr bedeutenden Nutzen. Und mit Quecksilber zusammen hilft es, als Salbe aufgeschmiert, gegen die H\u00e4morrhoiden.\u201c<\/em><br \/>\nOhne Ma\u00df allerdings geschluckt, verursacht Silber Geschmacks- und Riechst\u00f6rungen oder zerebrale Krampfanf\u00e4lle, von nicht umkehrbaren schiefergrauen Verf\u00e4rbungen der Haut und Schleimh\u00e4ute ganz abgesehen.<br \/>\nNicht g\u00e4nzlich abtun kann man die medizinische Wirksamkeit von Silber, die antibakterielle Wirkung findet auch heute Verwendung in Salben und Verb\u00e4nden. In das Reich der Wunschvorstellungen d\u00fcrfte allerdings die therapeutische Einnahme von kolloidalem Silber geh\u00f6ren, wie sie auf einigen Internetseiten angepriesen wird.<\/p>\n","protected":false},"excerpt":{"rendered":"<p>22 Das rechte Ma\u00df Durch Poren und L\u00f6cher im Gestein gepre\u00dft bilden sich aus geschmolzenem Silber nach Abk\u00fchlung\u00a0 spiralige und durch Verschmelzung bis zu zentimeterdicke Locken. Derartige Locken aus Silber kann man in Mineraliensammlungen bewundern. Doch nicht nur f\u00fcr Schmuck und M\u00fcnzpr\u00e4gung fand das edle Metall Verwendung, in seiner Kosmographie schreibt der Universalgelehrte Qazwini im &hellip; <a href=\"https:\/\/stadt-adventskalender.de\/freiberg\/2025\/12\/22\/22-2-2\/\" class=\"more-link\"><span class=\"screen-reader-text\">22<\/span> weiterlesen<\/a><\/p>\n","protected":false},"author":1,"featured_media":0,"comment_status":"closed","ping_status":"closed","sticky":false,"template":"","format":"standard","meta":{"footnotes":""},"categories":[5,1],"tags":[],"class_list":["post-518","post","type-post","status-publish","format-standard","hentry","category-alleoffen","category-allgemein"],"translation":{"provider":"WPGlobus","version":"3.0.0","language":"de","enabled_languages":["de","en"],"languages":{"de":{"title":true,"content":true,"excerpt":false},"en":{"title":false,"content":true,"excerpt":false}}},"publishpress_future_action":{"enabled":false,"date":"2026-05-08 13:56:11","action":"change-status","newStatus":"draft","terms":[],"taxonomy":"category","extraData":[]},"publishpress_future_workflow_manual_trigger":{"enabledWorkflows":[]},"_links":{"self":[{"href":"https:\/\/stadt-adventskalender.de\/freiberg\/wp-json\/wp\/v2\/posts\/518","targetHints":{"allow":["GET"]}}],"collection":[{"href":"https:\/\/stadt-adventskalender.de\/freiberg\/wp-json\/wp\/v2\/posts"}],"about":[{"href":"https:\/\/stadt-adventskalender.de\/freiberg\/wp-json\/wp\/v2\/types\/post"}],"author":[{"embeddable":true,"href":"https:\/\/stadt-adventskalender.de\/freiberg\/wp-json\/wp\/v2\/users\/1"}],"replies":[{"embeddable":true,"href":"https:\/\/stadt-adventskalender.de\/freiberg\/wp-json\/wp\/v2\/comments?post=518"}],"version-history":[{"count":2,"href":"https:\/\/stadt-adventskalender.de\/freiberg\/wp-json\/wp\/v2\/posts\/518\/revisions"}],"predecessor-version":[{"id":659,"href":"https:\/\/stadt-adventskalender.de\/freiberg\/wp-json\/wp\/v2\/posts\/518\/revisions\/659"}],"wp:attachment":[{"href":"https:\/\/stadt-adventskalender.de\/freiberg\/wp-json\/wp\/v2\/media?parent=518"}],"wp:term":[{"taxonomy":"category","embeddable":true,"href":"https:\/\/stadt-adventskalender.de\/freiberg\/wp-json\/wp\/v2\/categories?post=518"},{"taxonomy":"post_tag","embeddable":true,"href":"https:\/\/stadt-adventskalender.de\/freiberg\/wp-json\/wp\/v2\/tags?post=518"}],"curies":[{"name":"wp","href":"https:\/\/api.w.org\/{rel}","templated":true}]}}