{"id":466,"date":"2025-12-19T00:00:00","date_gmt":"2025-12-18T23:00:00","guid":{"rendered":"http:\/\/stadt-adventskalender.de\/freiberg\/?p=466"},"modified":"2025-11-14T23:29:47","modified_gmt":"2025-11-14T22:29:47","slug":"19-2","status":"publish","type":"post","link":"https:\/\/stadt-adventskalender.de\/freiberg\/2025\/12\/19\/19-2\/","title":{"rendered":"19"},"content":{"rendered":"<h1>19<img loading=\"lazy\" decoding=\"async\" class=\"alignnone wp-image-24 size-full\" src=\"https:\/\/stadt-adventskalender.de\/freiberg\/wp-content\/uploads\/sites\/3\/2017\/11\/19.png\" alt=\"\" width=\"300\" height=\"300\" srcset=\"https:\/\/stadt-adventskalender.de\/freiberg\/wp-content\/uploads\/sites\/3\/2017\/11\/19.png 300w, https:\/\/stadt-adventskalender.de\/freiberg\/wp-content\/uploads\/sites\/3\/2017\/11\/19-150x150.png 150w, https:\/\/stadt-adventskalender.de\/freiberg\/wp-content\/uploads\/sites\/3\/2017\/11\/19-100x100.png 100w\" sizes=\"auto, (max-width: 300px) 100vw, 300px\" \/><\/h1>\n<h4>Staatsbesuch<\/h4>\n<p>Als der Zar Peter der I. 1711 Freiberg besuchte, fand ihm zu Ehren ein festlicher Bergaufzug mit 2000 Knappen statt. Die Knappen trugen ihre Paradetracht, wei\u00dfe Kniehosen und Str\u00fcmpfe, schwarze Knie- und Bergleder, mit Litzen, Samt und Quastenborten besetzte Bergkittel, die mit silbernen Kn\u00f6pfen verziert waren. Auf dem Kopf trugen sie den typischen zylindrischen Bergmannshut in gr\u00fcn und schwarz. Geschultert hatten sie eine Barte. Das war eine stilisierte Axt, die noch an die alten Zeiten erinnerte, als das Werkzeug noch als Waffe diente, um die Fundgruben mit Waffengewalt gegen Feinde zu verteidigen. Au\u00dferdem trugen sie ihre Grubenlichter und manche auch Waldh\u00f6rner, Trompeten und Pauken. Als Pr\u00e4sent \u00fcberreichten sie dem Zaren h\u00f6lzerne Tr\u00f6ge gef\u00fcllt mit Silber, Mineralien und allem kostbaren Gestein, \u201ewelche die anbetungsw\u00fcrdige Natur im Scho\u00df des gesegneten Sachsens reichlich eingesenket\u201c.<\/p>\n","protected":false},"excerpt":{"rendered":"<p>19 Staatsbesuch Als der Zar Peter der I. 1711 Freiberg besuchte, fand ihm zu Ehren ein festlicher Bergaufzug mit 2000 Knappen statt. Die Knappen trugen ihre Paradetracht, wei\u00dfe Kniehosen und Str\u00fcmpfe, schwarze Knie- und Bergleder, mit Litzen, Samt und Quastenborten besetzte Bergkittel, die mit silbernen Kn\u00f6pfen verziert waren. Auf dem Kopf trugen sie den typischen &hellip; <a href=\"https:\/\/stadt-adventskalender.de\/freiberg\/2025\/12\/19\/19-2\/\" class=\"more-link\"><span class=\"screen-reader-text\">19<\/span> weiterlesen<\/a><\/p>\n","protected":false},"author":1,"featured_media":0,"comment_status":"closed","ping_status":"closed","sticky":false,"template":"","format":"standard","meta":{"footnotes":""},"categories":[5,1],"tags":[],"class_list":["post-466","post","type-post","status-publish","format-standard","hentry","category-alleoffen","category-allgemein"],"translation":{"provider":"WPGlobus","version":"3.0.0","language":"de","enabled_languages":["de","en"],"languages":{"de":{"title":true,"content":true,"excerpt":false},"en":{"title":false,"content":true,"excerpt":false}}},"publishpress_future_action":{"enabled":false,"date":"2026-05-08 13:55:35","action":"change-status","newStatus":"draft","terms":[],"taxonomy":"category","extraData":[]},"publishpress_future_workflow_manual_trigger":{"enabledWorkflows":[]},"_links":{"self":[{"href":"https:\/\/stadt-adventskalender.de\/freiberg\/wp-json\/wp\/v2\/posts\/466","targetHints":{"allow":["GET"]}}],"collection":[{"href":"https:\/\/stadt-adventskalender.de\/freiberg\/wp-json\/wp\/v2\/posts"}],"about":[{"href":"https:\/\/stadt-adventskalender.de\/freiberg\/wp-json\/wp\/v2\/types\/post"}],"author":[{"embeddable":true,"href":"https:\/\/stadt-adventskalender.de\/freiberg\/wp-json\/wp\/v2\/users\/1"}],"replies":[{"embeddable":true,"href":"https:\/\/stadt-adventskalender.de\/freiberg\/wp-json\/wp\/v2\/comments?post=466"}],"version-history":[{"count":5,"href":"https:\/\/stadt-adventskalender.de\/freiberg\/wp-json\/wp\/v2\/posts\/466\/revisions"}],"predecessor-version":[{"id":468,"href":"https:\/\/stadt-adventskalender.de\/freiberg\/wp-json\/wp\/v2\/posts\/466\/revisions\/468"}],"wp:attachment":[{"href":"https:\/\/stadt-adventskalender.de\/freiberg\/wp-json\/wp\/v2\/media?parent=466"}],"wp:term":[{"taxonomy":"category","embeddable":true,"href":"https:\/\/stadt-adventskalender.de\/freiberg\/wp-json\/wp\/v2\/categories?post=466"},{"taxonomy":"post_tag","embeddable":true,"href":"https:\/\/stadt-adventskalender.de\/freiberg\/wp-json\/wp\/v2\/tags?post=466"}],"curies":[{"name":"wp","href":"https:\/\/api.w.org\/{rel}","templated":true}]}}