{"id":454,"date":"2025-12-18T00:00:00","date_gmt":"2025-12-17T23:00:00","guid":{"rendered":"http:\/\/stadt-adventskalender.de\/freiberg\/?p=454"},"modified":"2025-11-14T23:29:34","modified_gmt":"2025-11-14T22:29:34","slug":"18-2","status":"publish","type":"post","link":"https:\/\/stadt-adventskalender.de\/freiberg\/2025\/12\/18\/18-2\/","title":{"rendered":"18"},"content":{"rendered":"<h1>18<img loading=\"lazy\" decoding=\"async\" class=\"alignnone size-full wp-image-23\" src=\"https:\/\/stadt-adventskalender.de\/freiberg\/wp-content\/uploads\/sites\/3\/2017\/11\/18.png\" alt=\"\" width=\"300\" height=\"300\" srcset=\"https:\/\/stadt-adventskalender.de\/freiberg\/wp-content\/uploads\/sites\/3\/2017\/11\/18.png 300w, https:\/\/stadt-adventskalender.de\/freiberg\/wp-content\/uploads\/sites\/3\/2017\/11\/18-150x150.png 150w, https:\/\/stadt-adventskalender.de\/freiberg\/wp-content\/uploads\/sites\/3\/2017\/11\/18-100x100.png 100w\" sizes=\"auto, (max-width: 300px) 100vw, 300px\" \/><\/h1>\n<h4>Es werde Licht<\/h4>\n<p>Der Schwibbogen, aus dessen Mitte die beiden Bergleute mit den Innungszeichen der Bergschmiede &#8211; Hammer und Zange &#8211; stammen, befindet sich im Bergbaumuseum gleich neben dem Dom. Der Bergschmied Teller schenkte ihn dem Obersteiger Friedrich zum Weihnachtsfest. Vom Schwebebogen in der Architektur, einem frei zwischen zwei Mauerk\u00f6rpern stehenden Bogen, leitet sich der Name des weihnachtlichen Bogens her. Ihr \u00e4ltester Vertreter von 1740 steht in Johanngeorgenstadt. Die gekr\u00fcmmte Form geht vermutlich auf das brennende Grubengeleucht zur\u00fcck, das die Bergleute an hohen Feiertagen bogenf\u00f6rmig um das Stollenmundloch h\u00e4ngten.<\/p>\n","protected":false},"excerpt":{"rendered":"<p>18 Es werde Licht Der Schwibbogen, aus dessen Mitte die beiden Bergleute mit den Innungszeichen der Bergschmiede &#8211; Hammer und Zange &#8211; stammen, befindet sich im Bergbaumuseum gleich neben dem Dom. Der Bergschmied Teller schenkte ihn dem Obersteiger Friedrich zum Weihnachtsfest. Vom Schwebebogen in der Architektur, einem frei zwischen zwei Mauerk\u00f6rpern stehenden Bogen, leitet sich &hellip; <a href=\"https:\/\/stadt-adventskalender.de\/freiberg\/2025\/12\/18\/18-2\/\" class=\"more-link\"><span class=\"screen-reader-text\">18<\/span> weiterlesen<\/a><\/p>\n","protected":false},"author":1,"featured_media":0,"comment_status":"closed","ping_status":"closed","sticky":false,"template":"","format":"standard","meta":{"footnotes":""},"categories":[5,1],"tags":[],"class_list":["post-454","post","type-post","status-publish","format-standard","hentry","category-alleoffen","category-allgemein"],"translation":{"provider":"WPGlobus","version":"3.0.0","language":"de","enabled_languages":["de","en"],"languages":{"de":{"title":true,"content":true,"excerpt":false},"en":{"title":false,"content":true,"excerpt":false}}},"publishpress_future_action":{"enabled":false,"date":"2026-05-08 13:56:12","action":"change-status","newStatus":"draft","terms":[],"taxonomy":"category","extraData":[]},"publishpress_future_workflow_manual_trigger":{"enabledWorkflows":[]},"_links":{"self":[{"href":"https:\/\/stadt-adventskalender.de\/freiberg\/wp-json\/wp\/v2\/posts\/454","targetHints":{"allow":["GET"]}}],"collection":[{"href":"https:\/\/stadt-adventskalender.de\/freiberg\/wp-json\/wp\/v2\/posts"}],"about":[{"href":"https:\/\/stadt-adventskalender.de\/freiberg\/wp-json\/wp\/v2\/types\/post"}],"author":[{"embeddable":true,"href":"https:\/\/stadt-adventskalender.de\/freiberg\/wp-json\/wp\/v2\/users\/1"}],"replies":[{"embeddable":true,"href":"https:\/\/stadt-adventskalender.de\/freiberg\/wp-json\/wp\/v2\/comments?post=454"}],"version-history":[{"count":4,"href":"https:\/\/stadt-adventskalender.de\/freiberg\/wp-json\/wp\/v2\/posts\/454\/revisions"}],"predecessor-version":[{"id":457,"href":"https:\/\/stadt-adventskalender.de\/freiberg\/wp-json\/wp\/v2\/posts\/454\/revisions\/457"}],"wp:attachment":[{"href":"https:\/\/stadt-adventskalender.de\/freiberg\/wp-json\/wp\/v2\/media?parent=454"}],"wp:term":[{"taxonomy":"category","embeddable":true,"href":"https:\/\/stadt-adventskalender.de\/freiberg\/wp-json\/wp\/v2\/categories?post=454"},{"taxonomy":"post_tag","embeddable":true,"href":"https:\/\/stadt-adventskalender.de\/freiberg\/wp-json\/wp\/v2\/tags?post=454"}],"curies":[{"name":"wp","href":"https:\/\/api.w.org\/{rel}","templated":true}]}}