{"id":438,"date":"2025-12-15T00:00:00","date_gmt":"2025-12-14T23:00:00","guid":{"rendered":"http:\/\/stadt-adventskalender.de\/freiberg\/?p=438"},"modified":"2025-11-14T23:31:44","modified_gmt":"2025-11-14T22:31:44","slug":"15-2","status":"publish","type":"post","link":"https:\/\/stadt-adventskalender.de\/freiberg\/2025\/12\/15\/15-2\/","title":{"rendered":"15"},"content":{"rendered":"<h1><span class=\"abstand\">15<\/span><img loading=\"lazy\" decoding=\"async\" class=\"alignnone wp-image-20 size-full\" src=\"https:\/\/stadt-adventskalender.de\/freiberg\/wp-content\/uploads\/sites\/3\/2017\/11\/15.png\" alt=\"\" width=\"300\" height=\"300\" srcset=\"https:\/\/stadt-adventskalender.de\/freiberg\/wp-content\/uploads\/sites\/3\/2017\/11\/15.png 300w, https:\/\/stadt-adventskalender.de\/freiberg\/wp-content\/uploads\/sites\/3\/2017\/11\/15-150x150.png 150w, https:\/\/stadt-adventskalender.de\/freiberg\/wp-content\/uploads\/sites\/3\/2017\/11\/15-100x100.png 100w\" sizes=\"auto, (max-width: 300px) 100vw, 300px\" \/><\/h1>\n<h4>Kleine Wappenkunde<\/h4>\n<p>In der Akademiestra\u00dfe 6 ist \u00fcber dem Eingang des Universit\u00e4tshauptgeb\u00e4udes der Bergakademie das Kurs\u00e4chsische Wappen in Sandstein geschlagen. Mit etwas Phantasie denkt man sich die Farbe hinzu. Das Wappen zeigt die eigentlich schwarzen und goldenen Balken, neun sollen es sein, des Stammwappens der Askanier mit einem gr\u00fcnen Rautenkranz, die gekreuzten roten Kurschwerter stehen eigentlich auf wei\u00df-schwarzem Grund und finden sich bekannterma\u00dfen auch auf Mei\u00dfner Porzellan. Mit der s\u00e4chsischen Kurw\u00fcrde ist das bedeutende Ehrenamt des Erzmarschalls verbunden. Die Kurf\u00fcrsten waren alleinig berechtigt, den K\u00f6nig zu w\u00e4hlen. Der Kurhut ist in der Heraldik als Wappenkrone und als gemeine Figur gebr\u00e4uchlich, er ist aus dunkelrotem Purpur und hat einen kostbaren Hermelinbesatz.<\/p>\n","protected":false},"excerpt":{"rendered":"<p>15 Kleine Wappenkunde In der Akademiestra\u00dfe 6 ist \u00fcber dem Eingang des Universit\u00e4tshauptgeb\u00e4udes der Bergakademie das Kurs\u00e4chsische Wappen in Sandstein geschlagen. Mit etwas Phantasie denkt man sich die Farbe hinzu. Das Wappen zeigt die eigentlich schwarzen und goldenen Balken, neun sollen es sein, des Stammwappens der Askanier mit einem gr\u00fcnen Rautenkranz, die gekreuzten roten Kurschwerter &hellip; <a href=\"https:\/\/stadt-adventskalender.de\/freiberg\/2025\/12\/15\/15-2\/\" class=\"more-link\"><span class=\"screen-reader-text\">15<\/span> weiterlesen<\/a><\/p>\n","protected":false},"author":1,"featured_media":0,"comment_status":"closed","ping_status":"closed","sticky":false,"template":"","format":"standard","meta":{"footnotes":""},"categories":[5,1],"tags":[],"class_list":["post-438","post","type-post","status-publish","format-standard","hentry","category-alleoffen","category-allgemein"],"translation":{"provider":"WPGlobus","version":"3.0.0","language":"de","enabled_languages":["de","en"],"languages":{"de":{"title":true,"content":true,"excerpt":false},"en":{"title":true,"content":true,"excerpt":false}}},"publishpress_future_action":{"enabled":false,"date":"2026-05-08 13:55:22","action":"change-status","newStatus":"draft","terms":[],"taxonomy":"category","extraData":[]},"publishpress_future_workflow_manual_trigger":{"enabledWorkflows":[]},"_links":{"self":[{"href":"https:\/\/stadt-adventskalender.de\/freiberg\/wp-json\/wp\/v2\/posts\/438","targetHints":{"allow":["GET"]}}],"collection":[{"href":"https:\/\/stadt-adventskalender.de\/freiberg\/wp-json\/wp\/v2\/posts"}],"about":[{"href":"https:\/\/stadt-adventskalender.de\/freiberg\/wp-json\/wp\/v2\/types\/post"}],"author":[{"embeddable":true,"href":"https:\/\/stadt-adventskalender.de\/freiberg\/wp-json\/wp\/v2\/users\/1"}],"replies":[{"embeddable":true,"href":"https:\/\/stadt-adventskalender.de\/freiberg\/wp-json\/wp\/v2\/comments?post=438"}],"version-history":[{"count":5,"href":"https:\/\/stadt-adventskalender.de\/freiberg\/wp-json\/wp\/v2\/posts\/438\/revisions"}],"predecessor-version":[{"id":654,"href":"https:\/\/stadt-adventskalender.de\/freiberg\/wp-json\/wp\/v2\/posts\/438\/revisions\/654"}],"wp:attachment":[{"href":"https:\/\/stadt-adventskalender.de\/freiberg\/wp-json\/wp\/v2\/media?parent=438"}],"wp:term":[{"taxonomy":"category","embeddable":true,"href":"https:\/\/stadt-adventskalender.de\/freiberg\/wp-json\/wp\/v2\/categories?post=438"},{"taxonomy":"post_tag","embeddable":true,"href":"https:\/\/stadt-adventskalender.de\/freiberg\/wp-json\/wp\/v2\/tags?post=438"}],"curies":[{"name":"wp","href":"https:\/\/api.w.org\/{rel}","templated":true}]}}