{"id":428,"date":"2025-12-14T00:00:00","date_gmt":"2025-12-13T23:00:00","guid":{"rendered":"http:\/\/stadt-adventskalender.de\/freiberg\/?p=428"},"modified":"2025-11-14T23:31:23","modified_gmt":"2025-11-14T22:31:23","slug":"14-2","status":"publish","type":"post","link":"https:\/\/stadt-adventskalender.de\/freiberg\/2025\/12\/14\/14-2\/","title":{"rendered":"14"},"content":{"rendered":"<h1><span class=\"abstand\">14<\/span><img loading=\"lazy\" decoding=\"async\" class=\"alignnone wp-image-19 size-full\" src=\"https:\/\/stadt-adventskalender.de\/freiberg\/wp-content\/uploads\/sites\/3\/2017\/11\/14.png\" alt=\"\" width=\"300\" height=\"300\" srcset=\"https:\/\/stadt-adventskalender.de\/freiberg\/wp-content\/uploads\/sites\/3\/2017\/11\/14.png 300w, https:\/\/stadt-adventskalender.de\/freiberg\/wp-content\/uploads\/sites\/3\/2017\/11\/14-150x150.png 150w, https:\/\/stadt-adventskalender.de\/freiberg\/wp-content\/uploads\/sites\/3\/2017\/11\/14-100x100.png 100w\" sizes=\"auto, (max-width: 300px) 100vw, 300px\" \/><\/h1>\n<h4>Weben und Flechten<\/h4>\n<p>Das westliche Erzgebirge ist seine eigentliche Heimat. In Freiberg kann man es zumindest in der Volkshochschule erlernen &#8211; das Kl\u00f6ppeln.<br \/>\nKl\u00f6ppelspitzen entstanden, als man den R\u00e4ndern von Kleidungsst\u00fccken eine feste und gleichzeitig dekorative Kante geben wollte. Mit Variationen von Flechten wurden so aus losen Fransen schm\u00fcckende Elemente an der Kleidung der Reichen. Vermutlich um die Herstellung zu vereinfachen kam dann die Idee, diese Flechtwerke unabh\u00e4ngig von Kleidungsst\u00fccken zu gestalten und die ersten Kl\u00f6ppelspitzen wurden gefertigt: Flechtspitzen. Aus Italien soll die Technik zun\u00e4chst nach Spanien oder in die spanischen Niederlande und danach nach Frankreich gelangt sein. Aber auch im Erzgebirge sind bereits im 16. Jahrhundert die ersten Kl\u00f6ppelspitzen nachgewiesen. Barbara Uthmann, die Witwe eines Montan-Unternehmers aus Annaberg, soll als Verlegerin ma\u00dfgeblich an der Verbreitung des Kl\u00f6ppelns im Erzgebirge beteiligt gewesen sein. Nach \u00dcberlieferungen hat sie bis zu 900 Bortenwirkerinnen mit Auftr\u00e4gen versorgt.<\/p>\n","protected":false},"excerpt":{"rendered":"<p>14 Weben und Flechten Das westliche Erzgebirge ist seine eigentliche Heimat. In Freiberg kann man es zumindest in der Volkshochschule erlernen &#8211; das Kl\u00f6ppeln. Kl\u00f6ppelspitzen entstanden, als man den R\u00e4ndern von Kleidungsst\u00fccken eine feste und gleichzeitig dekorative Kante geben wollte. Mit Variationen von Flechten wurden so aus losen Fransen schm\u00fcckende Elemente an der Kleidung der &hellip; <a href=\"https:\/\/stadt-adventskalender.de\/freiberg\/2025\/12\/14\/14-2\/\" class=\"more-link\"><span class=\"screen-reader-text\">14<\/span> weiterlesen<\/a><\/p>\n","protected":false},"author":1,"featured_media":0,"comment_status":"closed","ping_status":"closed","sticky":false,"template":"","format":"standard","meta":{"footnotes":""},"categories":[5,1],"tags":[],"class_list":["post-428","post","type-post","status-publish","format-standard","hentry","category-alleoffen","category-allgemein"],"translation":{"provider":"WPGlobus","version":"3.0.0","language":"de","enabled_languages":["de","en"],"languages":{"de":{"title":true,"content":true,"excerpt":false},"en":{"title":false,"content":true,"excerpt":false}}},"publishpress_future_action":{"enabled":false,"date":"2026-05-08 13:55:21","action":"change-status","newStatus":"draft","terms":[],"taxonomy":"category","extraData":[]},"publishpress_future_workflow_manual_trigger":{"enabledWorkflows":[]},"_links":{"self":[{"href":"https:\/\/stadt-adventskalender.de\/freiberg\/wp-json\/wp\/v2\/posts\/428","targetHints":{"allow":["GET"]}}],"collection":[{"href":"https:\/\/stadt-adventskalender.de\/freiberg\/wp-json\/wp\/v2\/posts"}],"about":[{"href":"https:\/\/stadt-adventskalender.de\/freiberg\/wp-json\/wp\/v2\/types\/post"}],"author":[{"embeddable":true,"href":"https:\/\/stadt-adventskalender.de\/freiberg\/wp-json\/wp\/v2\/users\/1"}],"replies":[{"embeddable":true,"href":"https:\/\/stadt-adventskalender.de\/freiberg\/wp-json\/wp\/v2\/comments?post=428"}],"version-history":[{"count":4,"href":"https:\/\/stadt-adventskalender.de\/freiberg\/wp-json\/wp\/v2\/posts\/428\/revisions"}],"predecessor-version":[{"id":432,"href":"https:\/\/stadt-adventskalender.de\/freiberg\/wp-json\/wp\/v2\/posts\/428\/revisions\/432"}],"wp:attachment":[{"href":"https:\/\/stadt-adventskalender.de\/freiberg\/wp-json\/wp\/v2\/media?parent=428"}],"wp:term":[{"taxonomy":"category","embeddable":true,"href":"https:\/\/stadt-adventskalender.de\/freiberg\/wp-json\/wp\/v2\/categories?post=428"},{"taxonomy":"post_tag","embeddable":true,"href":"https:\/\/stadt-adventskalender.de\/freiberg\/wp-json\/wp\/v2\/tags?post=428"}],"curies":[{"name":"wp","href":"https:\/\/api.w.org\/{rel}","templated":true}]}}