{"id":415,"date":"2025-12-21T00:00:00","date_gmt":"2025-12-20T23:00:00","guid":{"rendered":"http:\/\/stadt-adventskalender.de\/freiberg\/?p=415"},"modified":"2025-11-14T23:31:10","modified_gmt":"2025-11-14T22:31:10","slug":"21-2","status":"publish","type":"post","link":"https:\/\/stadt-adventskalender.de\/freiberg\/2025\/12\/21\/21-2\/","title":{"rendered":"21"},"content":{"rendered":"<h1>21<img loading=\"lazy\" decoding=\"async\" class=\"alignnone wp-image-26 size-full\" src=\"https:\/\/stadt-adventskalender.de\/freiberg\/wp-content\/uploads\/sites\/3\/2017\/11\/21.png\" alt=\"\" width=\"300\" height=\"300\" srcset=\"https:\/\/stadt-adventskalender.de\/freiberg\/wp-content\/uploads\/sites\/3\/2017\/11\/21.png 300w, https:\/\/stadt-adventskalender.de\/freiberg\/wp-content\/uploads\/sites\/3\/2017\/11\/21-150x150.png 150w, https:\/\/stadt-adventskalender.de\/freiberg\/wp-content\/uploads\/sites\/3\/2017\/11\/21-100x100.png 100w\" sizes=\"auto, (max-width: 300px) 100vw, 300px\" \/><\/h1>\n<h4>Schwanenschl\u00f6\u00dfchen<\/h4>\n<p>\u201eErgebenst Unterzeichneter bittet den geehrten Stadtrath, den Pavillon auf dem Kreuzteich Kaffee Schwanenschl\u00f6\u00dfchen nennen zu d\u00fcrfen und ersucht um g\u00fctige Beschleunigung, da das Geschirr die entsprechende Aufschrift tragen soll.\u201c Fragmente dieses allerersten Geschirrs sind erhalten geblieben und zieren eine Glasvitrine im Gastraum des Erdgeschosses.<br \/>\nExotisch sollte es aussehen, ganz im indischen Stil. Doch leider wurde nichts draus. Ein kleiner Pavillion als \u201eGondel- und Schlittschuhstation auf dem unteren Kreuzteich\u201c wurde stattdessen im 2. Anlauf im Jahre 1898 genehmigt, zudem auch der \u201eAusschank von warmen Getr\u00e4nken, sowie Bier in Flaschen, als auch Cognac und Liqueure.\u201c<br \/>\nMangels Reparaturen seit dem Kriege wurde das Ausflugslokal 1970 geschlossen und abgerissen, zu gro\u00dfem Gl\u00fcck mit modernen Materialien aber nahezu detailgetreu wieder errichtet. Sehr beliebt ist es auch heute.<\/p>\n","protected":false},"excerpt":{"rendered":"<p>21 Schwanenschl\u00f6\u00dfchen \u201eErgebenst Unterzeichneter bittet den geehrten Stadtrath, den Pavillon auf dem Kreuzteich Kaffee Schwanenschl\u00f6\u00dfchen nennen zu d\u00fcrfen und ersucht um g\u00fctige Beschleunigung, da das Geschirr die entsprechende Aufschrift tragen soll.\u201c Fragmente dieses allerersten Geschirrs sind erhalten geblieben und zieren eine Glasvitrine im Gastraum des Erdgeschosses. Exotisch sollte es aussehen, ganz im indischen Stil. Doch &hellip; <a href=\"https:\/\/stadt-adventskalender.de\/freiberg\/2025\/12\/21\/21-2\/\" class=\"more-link\"><span class=\"screen-reader-text\">21<\/span> weiterlesen<\/a><\/p>\n","protected":false},"author":1,"featured_media":0,"comment_status":"closed","ping_status":"closed","sticky":false,"template":"","format":"standard","meta":{"footnotes":""},"categories":[5,1],"tags":[],"class_list":["post-415","post","type-post","status-publish","format-standard","hentry","category-alleoffen","category-allgemein"],"translation":{"provider":"WPGlobus","version":"3.0.0","language":"de","enabled_languages":["de","en"],"languages":{"de":{"title":true,"content":true,"excerpt":false},"en":{"title":true,"content":true,"excerpt":false}}},"publishpress_future_action":{"enabled":false,"date":"2026-05-08 13:55:13","action":"change-status","newStatus":"draft","terms":[],"taxonomy":"category","extraData":[]},"publishpress_future_workflow_manual_trigger":{"enabledWorkflows":[]},"_links":{"self":[{"href":"https:\/\/stadt-adventskalender.de\/freiberg\/wp-json\/wp\/v2\/posts\/415","targetHints":{"allow":["GET"]}}],"collection":[{"href":"https:\/\/stadt-adventskalender.de\/freiberg\/wp-json\/wp\/v2\/posts"}],"about":[{"href":"https:\/\/stadt-adventskalender.de\/freiberg\/wp-json\/wp\/v2\/types\/post"}],"author":[{"embeddable":true,"href":"https:\/\/stadt-adventskalender.de\/freiberg\/wp-json\/wp\/v2\/users\/1"}],"replies":[{"embeddable":true,"href":"https:\/\/stadt-adventskalender.de\/freiberg\/wp-json\/wp\/v2\/comments?post=415"}],"version-history":[{"count":3,"href":"https:\/\/stadt-adventskalender.de\/freiberg\/wp-json\/wp\/v2\/posts\/415\/revisions"}],"predecessor-version":[{"id":491,"href":"https:\/\/stadt-adventskalender.de\/freiberg\/wp-json\/wp\/v2\/posts\/415\/revisions\/491"}],"wp:attachment":[{"href":"https:\/\/stadt-adventskalender.de\/freiberg\/wp-json\/wp\/v2\/media?parent=415"}],"wp:term":[{"taxonomy":"category","embeddable":true,"href":"https:\/\/stadt-adventskalender.de\/freiberg\/wp-json\/wp\/v2\/categories?post=415"},{"taxonomy":"post_tag","embeddable":true,"href":"https:\/\/stadt-adventskalender.de\/freiberg\/wp-json\/wp\/v2\/tags?post=415"}],"curies":[{"name":"wp","href":"https:\/\/api.w.org\/{rel}","templated":true}]}}