{"id":404,"date":"2025-12-13T00:00:00","date_gmt":"2025-12-12T23:00:00","guid":{"rendered":"http:\/\/stadt-adventskalender.de\/freiberg\/?p=404"},"modified":"2025-11-14T23:30:47","modified_gmt":"2025-11-14T22:30:47","slug":"13-2","status":"publish","type":"post","link":"https:\/\/stadt-adventskalender.de\/freiberg\/2025\/12\/13\/13-2\/","title":{"rendered":"13"},"content":{"rendered":"<h1><span class=\"abstand\">13<\/span><img loading=\"lazy\" decoding=\"async\" class=\"alignnone wp-image-18 size-full\" src=\"https:\/\/stadt-adventskalender.de\/freiberg\/wp-content\/uploads\/sites\/3\/2017\/11\/13-e1513029915933.png\" alt=\"\" width=\"300\" height=\"236\" \/><\/h1>\n<h4>Wie Feuer und Wasser<\/h4>\n<p>Der ehrenwerte Abraham Gottlob Werner glaubt, das Wasser habe die verschiedenen Minerale und Gesteine gebildet und so die Erdoberfl\u00e4che geformt, er ist ein Neptunist. Sein Sch\u00fcler Alexander von Humboldt ahnt jedoch, dass eine gewaltige Feuerkraft im Erdinneren die Erde und ihre Gebirge gestaltet und h\u00e4ngt so den Plutonisten an. Es ist der Neptunistenstreit, der in der Wissenschaft tobt und es sogar in Goethes Faust II schafft. Humboldt besteigt den als h\u00f6chsten Berg der Welt geltenden Chimborazo in Ecuador am 23. Juni 1802. Auch wenn die d\u00fcrftig ausger\u00fcsteten, zudem h\u00f6henkranken Forscher kurz vor dem Gipfel umkehren m\u00fcssen, wird Humboldt am Vulkan Beleg f\u00fcr seine Feuerthese finden. Humbold lebte in der Weingasse 2, am 14. Juni 1791 wird er als 357. Student der Bergakademie immatrikuliert.<\/p>\n","protected":false},"excerpt":{"rendered":"<p>13 Wie Feuer und Wasser Der ehrenwerte Abraham Gottlob Werner glaubt, das Wasser habe die verschiedenen Minerale und Gesteine gebildet und so die Erdoberfl\u00e4che geformt, er ist ein Neptunist. Sein Sch\u00fcler Alexander von Humboldt ahnt jedoch, dass eine gewaltige Feuerkraft im Erdinneren die Erde und ihre Gebirge gestaltet und h\u00e4ngt so den Plutonisten an. Es &hellip; <a href=\"https:\/\/stadt-adventskalender.de\/freiberg\/2025\/12\/13\/13-2\/\" class=\"more-link\"><span class=\"screen-reader-text\">13<\/span> weiterlesen<\/a><\/p>\n","protected":false},"author":1,"featured_media":0,"comment_status":"closed","ping_status":"closed","sticky":false,"template":"","format":"standard","meta":{"footnotes":""},"categories":[5,1],"tags":[],"class_list":["post-404","post","type-post","status-publish","format-standard","hentry","category-alleoffen","category-allgemein"],"translation":{"provider":"WPGlobus","version":"3.0.0","language":"de","enabled_languages":["de","en"],"languages":{"de":{"title":true,"content":true,"excerpt":false},"en":{"title":true,"content":true,"excerpt":false}}},"publishpress_future_action":{"enabled":false,"date":"2026-05-08 13:55:12","action":"change-status","newStatus":"draft","terms":[],"taxonomy":"category","extraData":[]},"publishpress_future_workflow_manual_trigger":{"enabledWorkflows":[]},"_links":{"self":[{"href":"https:\/\/stadt-adventskalender.de\/freiberg\/wp-json\/wp\/v2\/posts\/404","targetHints":{"allow":["GET"]}}],"collection":[{"href":"https:\/\/stadt-adventskalender.de\/freiberg\/wp-json\/wp\/v2\/posts"}],"about":[{"href":"https:\/\/stadt-adventskalender.de\/freiberg\/wp-json\/wp\/v2\/types\/post"}],"author":[{"embeddable":true,"href":"https:\/\/stadt-adventskalender.de\/freiberg\/wp-json\/wp\/v2\/users\/1"}],"replies":[{"embeddable":true,"href":"https:\/\/stadt-adventskalender.de\/freiberg\/wp-json\/wp\/v2\/comments?post=404"}],"version-history":[{"count":4,"href":"https:\/\/stadt-adventskalender.de\/freiberg\/wp-json\/wp\/v2\/posts\/404\/revisions"}],"predecessor-version":[{"id":721,"href":"https:\/\/stadt-adventskalender.de\/freiberg\/wp-json\/wp\/v2\/posts\/404\/revisions\/721"}],"wp:attachment":[{"href":"https:\/\/stadt-adventskalender.de\/freiberg\/wp-json\/wp\/v2\/media?parent=404"}],"wp:term":[{"taxonomy":"category","embeddable":true,"href":"https:\/\/stadt-adventskalender.de\/freiberg\/wp-json\/wp\/v2\/categories?post=404"},{"taxonomy":"post_tag","embeddable":true,"href":"https:\/\/stadt-adventskalender.de\/freiberg\/wp-json\/wp\/v2\/tags?post=404"}],"curies":[{"name":"wp","href":"https:\/\/api.w.org\/{rel}","templated":true}]}}