{"id":382,"date":"2025-12-11T00:00:00","date_gmt":"2025-12-10T23:00:00","guid":{"rendered":"http:\/\/stadt-adventskalender.de\/freiberg\/?p=382"},"modified":"2025-11-14T23:30:27","modified_gmt":"2025-11-14T22:30:27","slug":"11-2","status":"publish","type":"post","link":"https:\/\/stadt-adventskalender.de\/freiberg\/2025\/12\/11\/11-2\/","title":{"rendered":"11"},"content":{"rendered":"<h1><span class=\"abstand\">11<\/span><img loading=\"lazy\" decoding=\"async\" class=\"alignnone wp-image-16 size-full\" src=\"https:\/\/stadt-adventskalender.de\/freiberg\/wp-content\/uploads\/sites\/3\/2017\/11\/11.png\" alt=\"\" width=\"300\" height=\"300\" srcset=\"https:\/\/stadt-adventskalender.de\/freiberg\/wp-content\/uploads\/sites\/3\/2017\/11\/11.png 300w, https:\/\/stadt-adventskalender.de\/freiberg\/wp-content\/uploads\/sites\/3\/2017\/11\/11-150x150.png 150w, https:\/\/stadt-adventskalender.de\/freiberg\/wp-content\/uploads\/sites\/3\/2017\/11\/11-100x100.png 100w\" sizes=\"auto, (max-width: 300px) 100vw, 300px\" \/><\/h1>\n<h4>Ehrenmord<\/h4>\n<p>Am Barbara-Tag, dem 4. Dezember, z\u00fcnden die Bergm\u00e4nner ein Licht im Bergwerk an, die F\u00fcrsprache der Heiligen soll sie vor Ungl\u00fcck und Tod im Bergwerk retten. In Barbarafeiern gedenken Bergleute ihren bei Unf\u00e4llen verstorbenen Kameraden.<br \/>\nDer eigene Vater hatte die sp\u00e4ter Heilige in einen Turm gesperrt, um sie vom Christentum fernzuhalten. Doch Barbara lie\u00df sich heimlich taufen und der Vater beschlo\u00df den Tod der Tochter. Barbara fl\u00fcchtete. An einem steilen Berghang, am Ende ihrer Kr\u00e4fte, bat sie Gott um Hilfe. Tats\u00e4chlich fand das M\u00e4dchen einen tiefen Felsspalt, der ihr bis zum Verrat durch einen Hirten Schutz bot.<br \/>\nDer hilfreiche Fels machte sie zur Schutzheiligen der Bergleute. In Darstellungen hat die Heilige stets den Turm an ihrer Seite.<\/p>\n","protected":false},"excerpt":{"rendered":"<p>11 Ehrenmord Am Barbara-Tag, dem 4. Dezember, z\u00fcnden die Bergm\u00e4nner ein Licht im Bergwerk an, die F\u00fcrsprache der Heiligen soll sie vor Ungl\u00fcck und Tod im Bergwerk retten. In Barbarafeiern gedenken Bergleute ihren bei Unf\u00e4llen verstorbenen Kameraden. Der eigene Vater hatte die sp\u00e4ter Heilige in einen Turm gesperrt, um sie vom Christentum fernzuhalten. Doch Barbara &hellip; <a href=\"https:\/\/stadt-adventskalender.de\/freiberg\/2025\/12\/11\/11-2\/\" class=\"more-link\"><span class=\"screen-reader-text\">11<\/span> weiterlesen<\/a><\/p>\n","protected":false},"author":1,"featured_media":0,"comment_status":"closed","ping_status":"closed","sticky":false,"template":"","format":"standard","meta":{"footnotes":""},"categories":[5,1],"tags":[],"class_list":["post-382","post","type-post","status-publish","format-standard","hentry","category-alleoffen","category-allgemein"],"translation":{"provider":"WPGlobus","version":"3.0.0","language":"de","enabled_languages":["de","en"],"languages":{"de":{"title":true,"content":true,"excerpt":false},"en":{"title":true,"content":true,"excerpt":false}}},"publishpress_future_action":{"enabled":false,"date":"2026-05-08 13:55:51","action":"change-status","newStatus":"draft","terms":[],"taxonomy":"category","extraData":[]},"publishpress_future_workflow_manual_trigger":{"enabledWorkflows":[]},"_links":{"self":[{"href":"https:\/\/stadt-adventskalender.de\/freiberg\/wp-json\/wp\/v2\/posts\/382","targetHints":{"allow":["GET"]}}],"collection":[{"href":"https:\/\/stadt-adventskalender.de\/freiberg\/wp-json\/wp\/v2\/posts"}],"about":[{"href":"https:\/\/stadt-adventskalender.de\/freiberg\/wp-json\/wp\/v2\/types\/post"}],"author":[{"embeddable":true,"href":"https:\/\/stadt-adventskalender.de\/freiberg\/wp-json\/wp\/v2\/users\/1"}],"replies":[{"embeddable":true,"href":"https:\/\/stadt-adventskalender.de\/freiberg\/wp-json\/wp\/v2\/comments?post=382"}],"version-history":[{"count":3,"href":"https:\/\/stadt-adventskalender.de\/freiberg\/wp-json\/wp\/v2\/posts\/382\/revisions"}],"predecessor-version":[{"id":384,"href":"https:\/\/stadt-adventskalender.de\/freiberg\/wp-json\/wp\/v2\/posts\/382\/revisions\/384"}],"wp:attachment":[{"href":"https:\/\/stadt-adventskalender.de\/freiberg\/wp-json\/wp\/v2\/media?parent=382"}],"wp:term":[{"taxonomy":"category","embeddable":true,"href":"https:\/\/stadt-adventskalender.de\/freiberg\/wp-json\/wp\/v2\/categories?post=382"},{"taxonomy":"post_tag","embeddable":true,"href":"https:\/\/stadt-adventskalender.de\/freiberg\/wp-json\/wp\/v2\/tags?post=382"}],"curies":[{"name":"wp","href":"https:\/\/api.w.org\/{rel}","templated":true}]}}