{"id":362,"date":"2025-12-10T00:00:00","date_gmt":"2025-12-09T23:00:00","guid":{"rendered":"http:\/\/stadt-adventskalender.de\/freiberg\/?p=362"},"modified":"2025-11-14T23:30:07","modified_gmt":"2025-11-14T22:30:07","slug":"10-2","status":"publish","type":"post","link":"https:\/\/stadt-adventskalender.de\/freiberg\/2025\/12\/10\/10-2\/","title":{"rendered":"10"},"content":{"rendered":"<h1><span class=\"abstand\">10<\/span><img loading=\"lazy\" decoding=\"async\" class=\"alignnone wp-image-15 size-full\" src=\"https:\/\/stadt-adventskalender.de\/freiberg\/wp-content\/uploads\/sites\/3\/2017\/11\/10.png\" alt=\"\" width=\"300\" height=\"300\" srcset=\"https:\/\/stadt-adventskalender.de\/freiberg\/wp-content\/uploads\/sites\/3\/2017\/11\/10.png 300w, https:\/\/stadt-adventskalender.de\/freiberg\/wp-content\/uploads\/sites\/3\/2017\/11\/10-150x150.png 150w, https:\/\/stadt-adventskalender.de\/freiberg\/wp-content\/uploads\/sites\/3\/2017\/11\/10-100x100.png 100w\" sizes=\"auto, (max-width: 300px) 100vw, 300px\" \/><\/h1>\n<h4>Locken und Stufen<\/h4>\n<p>Der damals 26-j\u00e4hrige in Oberwiesenthal geborene Friseur Franz Str\u00f6her gr\u00fcndete 1880 ein Unternehmen, dessen Produkte in keinem Frisiersalon fehlen. Ein 1900 erfundener, wasserdichter Haart\u00fcll, also eine Per\u00fccke, war der erste Verkaufsschlager des jungen Wella-Unternehmens. Franz Enkelin Erika begeisterte sich nicht so sehr f\u00fcr Haare, sie wurde zu einer leidenschaftlichen Sammlerin von Mineralien und trug aus aller Welt mehr als 90.000 Stufen zusammen. Ihre in sechs Jahrzehnten aufgebaute wertvolle Mineraliensammlung \u00fcberlie\u00df sie als Dauerleihgabe der Stadt Freiberg, wo sie heute im Schlo\u00df Freudenstein ausgestellt ist. Erika Pohl-Str\u00f6her, die 2016 starb, war eine der bedeutendsten M\u00e4zeninnen der Gegenwart in Deutschland.<\/p>\n","protected":false},"excerpt":{"rendered":"<p>10 Locken und Stufen Der damals 26-j\u00e4hrige in Oberwiesenthal geborene Friseur Franz Str\u00f6her gr\u00fcndete 1880 ein Unternehmen, dessen Produkte in keinem Frisiersalon fehlen. Ein 1900 erfundener, wasserdichter Haart\u00fcll, also eine Per\u00fccke, war der erste Verkaufsschlager des jungen Wella-Unternehmens. Franz Enkelin Erika begeisterte sich nicht so sehr f\u00fcr Haare, sie wurde zu einer leidenschaftlichen Sammlerin von &hellip; <a href=\"https:\/\/stadt-adventskalender.de\/freiberg\/2025\/12\/10\/10-2\/\" class=\"more-link\"><span class=\"screen-reader-text\">10<\/span> weiterlesen<\/a><\/p>\n","protected":false},"author":1,"featured_media":0,"comment_status":"closed","ping_status":"closed","sticky":false,"template":"","format":"standard","meta":{"footnotes":""},"categories":[5,1],"tags":[],"class_list":["post-362","post","type-post","status-publish","format-standard","hentry","category-alleoffen","category-allgemein"],"translation":{"provider":"WPGlobus","version":"3.0.0","language":"de","enabled_languages":["de","en"],"languages":{"de":{"title":true,"content":true,"excerpt":false},"en":{"title":false,"content":true,"excerpt":false}}},"publishpress_future_action":{"enabled":false,"date":"2026-05-08 13:55:36","action":"change-status","newStatus":"draft","terms":[],"taxonomy":"category","extraData":[]},"publishpress_future_workflow_manual_trigger":{"enabledWorkflows":[]},"_links":{"self":[{"href":"https:\/\/stadt-adventskalender.de\/freiberg\/wp-json\/wp\/v2\/posts\/362","targetHints":{"allow":["GET"]}}],"collection":[{"href":"https:\/\/stadt-adventskalender.de\/freiberg\/wp-json\/wp\/v2\/posts"}],"about":[{"href":"https:\/\/stadt-adventskalender.de\/freiberg\/wp-json\/wp\/v2\/types\/post"}],"author":[{"embeddable":true,"href":"https:\/\/stadt-adventskalender.de\/freiberg\/wp-json\/wp\/v2\/users\/1"}],"replies":[{"embeddable":true,"href":"https:\/\/stadt-adventskalender.de\/freiberg\/wp-json\/wp\/v2\/comments?post=362"}],"version-history":[{"count":5,"href":"https:\/\/stadt-adventskalender.de\/freiberg\/wp-json\/wp\/v2\/posts\/362\/revisions"}],"predecessor-version":[{"id":650,"href":"https:\/\/stadt-adventskalender.de\/freiberg\/wp-json\/wp\/v2\/posts\/362\/revisions\/650"}],"wp:attachment":[{"href":"https:\/\/stadt-adventskalender.de\/freiberg\/wp-json\/wp\/v2\/media?parent=362"}],"wp:term":[{"taxonomy":"category","embeddable":true,"href":"https:\/\/stadt-adventskalender.de\/freiberg\/wp-json\/wp\/v2\/categories?post=362"},{"taxonomy":"post_tag","embeddable":true,"href":"https:\/\/stadt-adventskalender.de\/freiberg\/wp-json\/wp\/v2\/tags?post=362"}],"curies":[{"name":"wp","href":"https:\/\/api.w.org\/{rel}","templated":true}]}}