{"id":356,"date":"2025-12-09T00:00:00","date_gmt":"2025-12-08T23:00:00","guid":{"rendered":"http:\/\/stadt-adventskalender.de\/freiberg\/?p=356"},"modified":"2025-11-14T23:29:54","modified_gmt":"2025-11-14T22:29:54","slug":"09-2","status":"publish","type":"post","link":"https:\/\/stadt-adventskalender.de\/freiberg\/2025\/12\/09\/09-2\/","title":{"rendered":"09"},"content":{"rendered":"<h1><span class=\"abstand\">9<\/span><img loading=\"lazy\" decoding=\"async\" class=\"alignnone wp-image-14 size-full\" src=\"https:\/\/stadt-adventskalender.de\/freiberg\/wp-content\/uploads\/sites\/3\/2017\/11\/09.png\" alt=\"\" width=\"300\" height=\"300\" srcset=\"https:\/\/stadt-adventskalender.de\/freiberg\/wp-content\/uploads\/sites\/3\/2017\/11\/09.png 300w, https:\/\/stadt-adventskalender.de\/freiberg\/wp-content\/uploads\/sites\/3\/2017\/11\/09-150x150.png 150w, https:\/\/stadt-adventskalender.de\/freiberg\/wp-content\/uploads\/sites\/3\/2017\/11\/09-100x100.png 100w\" sizes=\"auto, (max-width: 300px) 100vw, 300px\" \/><\/h1>\n<h4>Warten auf das Paradies<\/h4>\n<p>Durch die hohen Fenster f\u00e4llt das Licht auf die Skulpturen der klugen Jungfrauen. Sie hatten mit Lampen\u00f6l f\u00fcr die Wartezeit auf Christus vorgesorgt. Ihre t\u00f6richten Schwestern dagegen m\u00fcssen den Schatten ertragen. Fein in Szene gesetzt ist diese Lichtwirkung im Dom St. Marien. Dar\u00fcber w\u00f6lbt sich eine ganze Himmelswiese. Das mit Blumen bemalte gotische Netzrippengew\u00f6lbe ist ein himmlischer Garten, das Paradies. In Sternenform funkeln die Schlu\u00dfsteine, um das Himmelsloch, eine kreisrunde \u00d6ffnung \u201ein den Himmel\u201c, schwebt eine blaue Wolke. Christus- oder auch Marienfiguren lie\u00dfen sich durch dieses Loch in der Gew\u00f6lbemitte hochziehen und liturgisch inszeniert auffahren.<\/p>\n","protected":false},"excerpt":{"rendered":"<p>9 Warten auf das Paradies Durch die hohen Fenster f\u00e4llt das Licht auf die Skulpturen der klugen Jungfrauen. Sie hatten mit Lampen\u00f6l f\u00fcr die Wartezeit auf Christus vorgesorgt. Ihre t\u00f6richten Schwestern dagegen m\u00fcssen den Schatten ertragen. Fein in Szene gesetzt ist diese Lichtwirkung im Dom St. Marien. Dar\u00fcber w\u00f6lbt sich eine ganze Himmelswiese. Das mit &hellip; <a href=\"https:\/\/stadt-adventskalender.de\/freiberg\/2025\/12\/09\/09-2\/\" class=\"more-link\"><span class=\"screen-reader-text\">09<\/span> weiterlesen<\/a><\/p>\n","protected":false},"author":1,"featured_media":0,"comment_status":"closed","ping_status":"closed","sticky":false,"template":"","format":"standard","meta":{"footnotes":""},"categories":[5,1],"tags":[],"class_list":["post-356","post","type-post","status-publish","format-standard","hentry","category-alleoffen","category-allgemein"],"translation":{"provider":"WPGlobus","version":"3.0.0","language":"de","enabled_languages":["de","en"],"languages":{"de":{"title":true,"content":true,"excerpt":false},"en":{"title":false,"content":true,"excerpt":false}}},"publishpress_future_action":{"enabled":false,"date":"2026-05-08 13:55:37","action":"change-status","newStatus":"draft","terms":[],"taxonomy":"category","extraData":[]},"publishpress_future_workflow_manual_trigger":{"enabledWorkflows":[]},"_links":{"self":[{"href":"https:\/\/stadt-adventskalender.de\/freiberg\/wp-json\/wp\/v2\/posts\/356","targetHints":{"allow":["GET"]}}],"collection":[{"href":"https:\/\/stadt-adventskalender.de\/freiberg\/wp-json\/wp\/v2\/posts"}],"about":[{"href":"https:\/\/stadt-adventskalender.de\/freiberg\/wp-json\/wp\/v2\/types\/post"}],"author":[{"embeddable":true,"href":"https:\/\/stadt-adventskalender.de\/freiberg\/wp-json\/wp\/v2\/users\/1"}],"replies":[{"embeddable":true,"href":"https:\/\/stadt-adventskalender.de\/freiberg\/wp-json\/wp\/v2\/comments?post=356"}],"version-history":[{"count":4,"href":"https:\/\/stadt-adventskalender.de\/freiberg\/wp-json\/wp\/v2\/posts\/356\/revisions"}],"predecessor-version":[{"id":370,"href":"https:\/\/stadt-adventskalender.de\/freiberg\/wp-json\/wp\/v2\/posts\/356\/revisions\/370"}],"wp:attachment":[{"href":"https:\/\/stadt-adventskalender.de\/freiberg\/wp-json\/wp\/v2\/media?parent=356"}],"wp:term":[{"taxonomy":"category","embeddable":true,"href":"https:\/\/stadt-adventskalender.de\/freiberg\/wp-json\/wp\/v2\/categories?post=356"},{"taxonomy":"post_tag","embeddable":true,"href":"https:\/\/stadt-adventskalender.de\/freiberg\/wp-json\/wp\/v2\/tags?post=356"}],"curies":[{"name":"wp","href":"https:\/\/api.w.org\/{rel}","templated":true}]}}