{"id":343,"date":"2025-12-08T00:00:00","date_gmt":"2025-12-07T23:00:00","guid":{"rendered":"http:\/\/stadt-adventskalender.de\/freiberg\/?p=343"},"modified":"2025-11-14T23:29:27","modified_gmt":"2025-11-14T22:29:27","slug":"08-2","status":"publish","type":"post","link":"https:\/\/stadt-adventskalender.de\/freiberg\/2025\/12\/08\/08-2\/","title":{"rendered":"08"},"content":{"rendered":"<h1><span class=\"abstand\">8<\/span><img loading=\"lazy\" decoding=\"async\" class=\"alignnone wp-image-13 size-full\" src=\"https:\/\/stadt-adventskalender.de\/freiberg\/wp-content\/uploads\/sites\/3\/2017\/11\/08.png\" alt=\"\" width=\"300\" height=\"300\" srcset=\"https:\/\/stadt-adventskalender.de\/freiberg\/wp-content\/uploads\/sites\/3\/2017\/11\/08.png 300w, https:\/\/stadt-adventskalender.de\/freiberg\/wp-content\/uploads\/sites\/3\/2017\/11\/08-150x150.png 150w, https:\/\/stadt-adventskalender.de\/freiberg\/wp-content\/uploads\/sites\/3\/2017\/11\/08-100x100.png 100w\" sizes=\"auto, (max-width: 300px) 100vw, 300px\" \/><\/h1>\n<h4>Leuchtender Geist<\/h4>\n<p>Lampadius. Nichts als den Namen findet man in Goethes Tagebuch. Heute erinnern eine Gedenktafel und eine Lampe an den Forscher und seine Erfindung.<br \/>\nOb D\u00fcngemittel, Verarbeitung der Kakaobohnen, Anstriche f\u00fcr Bauwerke, geteerte Pappen, Zucker aus R\u00fcben oder auch \u201e<em>Chemische Briefe f\u00fcr Frauenzimmer von Bildung und H\u00e4uslichkeit<\/em>\u201c&#8230; Nicht nur universell im Geiste sondern auch praktisch veranlagt war der 1794 an die Bergakademie berufene 22j\u00e4hrige Professor, dessen Forschungen immer auch einen unmittelbaren Nutzen hatten.<br \/>\nIm Jahre 1811 richtete Lampadius in seiner Wohnung eine kleine Destillationsanlage ein, in der er aus Steinkohle Leuchtgas zur Speisung einer Thermolampe erzeugte.\u00a0 Am Fenster seines Hauses in der Fischergasse entz\u00fcndete er die erste Gaslaterne auf dem europ\u00e4ischen Festland.<\/p>\n","protected":false},"excerpt":{"rendered":"<p>8 Leuchtender Geist Lampadius. Nichts als den Namen findet man in Goethes Tagebuch. Heute erinnern eine Gedenktafel und eine Lampe an den Forscher und seine Erfindung. Ob D\u00fcngemittel, Verarbeitung der Kakaobohnen, Anstriche f\u00fcr Bauwerke, geteerte Pappen, Zucker aus R\u00fcben oder auch \u201eChemische Briefe f\u00fcr Frauenzimmer von Bildung und H\u00e4uslichkeit\u201c&#8230; Nicht nur universell im Geiste sondern &hellip; <a href=\"https:\/\/stadt-adventskalender.de\/freiberg\/2025\/12\/08\/08-2\/\" class=\"more-link\"><span class=\"screen-reader-text\">08<\/span> weiterlesen<\/a><\/p>\n","protected":false},"author":1,"featured_media":0,"comment_status":"closed","ping_status":"closed","sticky":false,"template":"","format":"standard","meta":{"footnotes":""},"categories":[5,1],"tags":[],"class_list":["post-343","post","type-post","status-publish","format-standard","hentry","category-alleoffen","category-allgemein"],"translation":{"provider":"WPGlobus","version":"3.0.0","language":"de","enabled_languages":["de","en"],"languages":{"de":{"title":true,"content":true,"excerpt":false},"en":{"title":true,"content":true,"excerpt":false}}},"publishpress_future_action":{"enabled":false,"date":"2026-05-08 13:55:51","action":"change-status","newStatus":"draft","terms":[],"taxonomy":"category","extraData":[]},"publishpress_future_workflow_manual_trigger":{"enabledWorkflows":[]},"_links":{"self":[{"href":"https:\/\/stadt-adventskalender.de\/freiberg\/wp-json\/wp\/v2\/posts\/343","targetHints":{"allow":["GET"]}}],"collection":[{"href":"https:\/\/stadt-adventskalender.de\/freiberg\/wp-json\/wp\/v2\/posts"}],"about":[{"href":"https:\/\/stadt-adventskalender.de\/freiberg\/wp-json\/wp\/v2\/types\/post"}],"author":[{"embeddable":true,"href":"https:\/\/stadt-adventskalender.de\/freiberg\/wp-json\/wp\/v2\/users\/1"}],"replies":[{"embeddable":true,"href":"https:\/\/stadt-adventskalender.de\/freiberg\/wp-json\/wp\/v2\/comments?post=343"}],"version-history":[{"count":3,"href":"https:\/\/stadt-adventskalender.de\/freiberg\/wp-json\/wp\/v2\/posts\/343\/revisions"}],"predecessor-version":[{"id":704,"href":"https:\/\/stadt-adventskalender.de\/freiberg\/wp-json\/wp\/v2\/posts\/343\/revisions\/704"}],"wp:attachment":[{"href":"https:\/\/stadt-adventskalender.de\/freiberg\/wp-json\/wp\/v2\/media?parent=343"}],"wp:term":[{"taxonomy":"category","embeddable":true,"href":"https:\/\/stadt-adventskalender.de\/freiberg\/wp-json\/wp\/v2\/categories?post=343"},{"taxonomy":"post_tag","embeddable":true,"href":"https:\/\/stadt-adventskalender.de\/freiberg\/wp-json\/wp\/v2\/tags?post=343"}],"curies":[{"name":"wp","href":"https:\/\/api.w.org\/{rel}","templated":true}]}}