{"id":337,"date":"2025-12-07T00:00:00","date_gmt":"2025-12-06T23:00:00","guid":{"rendered":"http:\/\/stadt-adventskalender.de\/freiberg\/?p=337"},"modified":"2025-11-14T23:31:50","modified_gmt":"2025-11-14T22:31:50","slug":"07-2","status":"publish","type":"post","link":"https:\/\/stadt-adventskalender.de\/freiberg\/2025\/12\/07\/07-2\/","title":{"rendered":"07"},"content":{"rendered":"<h1><span class=\"abstand\">7<\/span><img loading=\"lazy\" decoding=\"async\" class=\"alignnone wp-image-12 size-full\" src=\"https:\/\/stadt-adventskalender.de\/freiberg\/wp-content\/uploads\/sites\/3\/2017\/11\/07.png\" alt=\"\" width=\"300\" height=\"300\" srcset=\"https:\/\/stadt-adventskalender.de\/freiberg\/wp-content\/uploads\/sites\/3\/2017\/11\/07.png 300w, https:\/\/stadt-adventskalender.de\/freiberg\/wp-content\/uploads\/sites\/3\/2017\/11\/07-150x150.png 150w, https:\/\/stadt-adventskalender.de\/freiberg\/wp-content\/uploads\/sites\/3\/2017\/11\/07-100x100.png 100w\" sizes=\"auto, (max-width: 300px) 100vw, 300px\" \/><\/h1>\n<h4>Ein R\u00fcsseltier am Obermarkt<\/h4>\n<p>Wohl zu abgegriffen waren B\u00e4r und Hirsch, und so malte sich die \u201ePrivilegierte Apotheke\u201c am Obermarkt ein R\u00fcsseltier \u00fcber den Eingang und hie\u00df von nun an \u201eZum Schwarzen Elefanten\u201c. Denn von weit her kamen manchmal die Dinge, mit denen in Apotheken wie dieser gehandelt wurde: Pfeffer, Ingwer, Muskat, Safran und Gew\u00fcrznelken, Zimtrinde und Brasilholz, Gummi arabicum, Wachs, Gips, Seife, Mandeln, Feigen oder Weintrauben.<br \/>\nIn Deutschland entstanden die ersten Apotheken, wie wir sie noch heute kennen, vermutlich Ende des 13. Jahrhunderts in den gr\u00f6\u00dferen, aufstrebenden St\u00e4dten. Sie lagen h\u00e4ufig am Marktplatz, vornehmlich in der N\u00e4he des Rathauses, von wo aus der Stadtrat sie \u00fcberwachen konnte.<\/p>\n","protected":false},"excerpt":{"rendered":"<p>7 Ein R\u00fcsseltier am Obermarkt Wohl zu abgegriffen waren B\u00e4r und Hirsch, und so malte sich die \u201ePrivilegierte Apotheke\u201c am Obermarkt ein R\u00fcsseltier \u00fcber den Eingang und hie\u00df von nun an \u201eZum Schwarzen Elefanten\u201c. Denn von weit her kamen manchmal die Dinge, mit denen in Apotheken wie dieser gehandelt wurde: Pfeffer, Ingwer, Muskat, Safran und &hellip; <a href=\"https:\/\/stadt-adventskalender.de\/freiberg\/2025\/12\/07\/07-2\/\" class=\"more-link\"><span class=\"screen-reader-text\">07<\/span> weiterlesen<\/a><\/p>\n","protected":false},"author":1,"featured_media":0,"comment_status":"closed","ping_status":"closed","sticky":false,"template":"","format":"standard","meta":{"footnotes":""},"categories":[5,1],"tags":[],"class_list":["post-337","post","type-post","status-publish","format-standard","hentry","category-alleoffen","category-allgemein"],"translation":{"provider":"WPGlobus","version":"3.0.0","language":"de","enabled_languages":["de","en"],"languages":{"de":{"title":true,"content":true,"excerpt":false},"en":{"title":true,"content":true,"excerpt":false}}},"publishpress_future_action":{"enabled":false,"date":"2026-05-08 13:55:13","action":"change-status","newStatus":"draft","terms":[],"taxonomy":"category","extraData":[]},"publishpress_future_workflow_manual_trigger":{"enabledWorkflows":[]},"_links":{"self":[{"href":"https:\/\/stadt-adventskalender.de\/freiberg\/wp-json\/wp\/v2\/posts\/337","targetHints":{"allow":["GET"]}}],"collection":[{"href":"https:\/\/stadt-adventskalender.de\/freiberg\/wp-json\/wp\/v2\/posts"}],"about":[{"href":"https:\/\/stadt-adventskalender.de\/freiberg\/wp-json\/wp\/v2\/types\/post"}],"author":[{"embeddable":true,"href":"https:\/\/stadt-adventskalender.de\/freiberg\/wp-json\/wp\/v2\/users\/1"}],"replies":[{"embeddable":true,"href":"https:\/\/stadt-adventskalender.de\/freiberg\/wp-json\/wp\/v2\/comments?post=337"}],"version-history":[{"count":3,"href":"https:\/\/stadt-adventskalender.de\/freiberg\/wp-json\/wp\/v2\/posts\/337\/revisions"}],"predecessor-version":[{"id":339,"href":"https:\/\/stadt-adventskalender.de\/freiberg\/wp-json\/wp\/v2\/posts\/337\/revisions\/339"}],"wp:attachment":[{"href":"https:\/\/stadt-adventskalender.de\/freiberg\/wp-json\/wp\/v2\/media?parent=337"}],"wp:term":[{"taxonomy":"category","embeddable":true,"href":"https:\/\/stadt-adventskalender.de\/freiberg\/wp-json\/wp\/v2\/categories?post=337"},{"taxonomy":"post_tag","embeddable":true,"href":"https:\/\/stadt-adventskalender.de\/freiberg\/wp-json\/wp\/v2\/tags?post=337"}],"curies":[{"name":"wp","href":"https:\/\/api.w.org\/{rel}","templated":true}]}}