{"id":273,"date":"2025-12-06T00:00:00","date_gmt":"2025-12-05T23:00:00","guid":{"rendered":"http:\/\/stadt-adventskalender.de\/freiberg\/?p=273"},"modified":"2025-11-14T23:31:36","modified_gmt":"2025-11-14T22:31:36","slug":"142-2","status":"publish","type":"post","link":"https:\/\/stadt-adventskalender.de\/freiberg\/2025\/12\/06\/142-2\/","title":{"rendered":"06"},"content":{"rendered":"<h1><span class=\"abstand\">6<\/span><img loading=\"lazy\" decoding=\"async\" class=\"alignnone wp-image-11 size-full\" src=\"https:\/\/stadt-adventskalender.de\/freiberg\/wp-content\/uploads\/sites\/3\/2017\/11\/06.png\" alt=\"\" width=\"300\" height=\"300\" srcset=\"https:\/\/stadt-adventskalender.de\/freiberg\/wp-content\/uploads\/sites\/3\/2017\/11\/06.png 300w, https:\/\/stadt-adventskalender.de\/freiberg\/wp-content\/uploads\/sites\/3\/2017\/11\/06-150x150.png 150w, https:\/\/stadt-adventskalender.de\/freiberg\/wp-content\/uploads\/sites\/3\/2017\/11\/06-100x100.png 100w\" sizes=\"auto, (max-width: 300px) 100vw, 300px\" \/><\/h1>\n<h4>Diebstahlsicher<\/h4>\n<p>Hans Christian Andersen und Jules Verne, der russische Zar, der bayerische K\u00f6nig Ludwig II, sie alle besuchten die Pariser Weltausstellung von 1867, auf der ein 500 Gramm schwerer Barren zum Anziehungspunkt wurde. Niemand ahnte, dass es sich bei dem Barren um einen Fake aus indigoblau gef\u00e4rbtem Blei handelte, denn das echte Indium trug der Professor f\u00fcr L\u00f6trohrprobierkunst Hieronymus Theodor Richter in seinem Stiefelschaft und holte es nur heimlich f\u00fcr Fachkollegen hervor.<br \/>\nEin z\u00fcndender Geistesblitz im Schlaf wiederum soll (vermutlich infolge gen\u00fcgend Vordenkens) dem russischen Wissenschaftler Mendelejew im Jahre 1869 zum Periodensystem der Elemente verholfen haben und das Element mit dem exotischen Namen Indium pa\u00dfte dort gl\u00e4nzend hinein. Eine weitere L\u00fccke wurde mit der Entdeckung des Elementes Germanium durch den Chemiker Clemens Winkler gef\u00fcllt.<br \/>\nAuf dem Schlo\u00dfplatz zeigt eine Bronzeplatte die Atomstrukturen dieser beiden Freiberger Entdeckungen.<\/p>\n","protected":false},"excerpt":{"rendered":"<p>6 Diebstahlsicher Hans Christian Andersen und Jules Verne, der russische Zar, der bayerische K\u00f6nig Ludwig II, sie alle besuchten die Pariser Weltausstellung von 1867, auf der ein 500 Gramm schwerer Barren zum Anziehungspunkt wurde. Niemand ahnte, dass es sich bei dem Barren um einen Fake aus indigoblau gef\u00e4rbtem Blei handelte, denn das echte Indium trug &hellip; <a href=\"https:\/\/stadt-adventskalender.de\/freiberg\/2025\/12\/06\/142-2\/\" class=\"more-link\"><span class=\"screen-reader-text\">06<\/span> weiterlesen<\/a><\/p>\n","protected":false},"author":1,"featured_media":0,"comment_status":"closed","ping_status":"closed","sticky":false,"template":"","format":"standard","meta":{"footnotes":""},"categories":[5,1],"tags":[],"class_list":["post-273","post","type-post","status-publish","format-standard","hentry","category-alleoffen","category-allgemein"],"translation":{"provider":"WPGlobus","version":"3.0.0","language":"de","enabled_languages":["de","en"],"languages":{"de":{"title":true,"content":true,"excerpt":false},"en":{"title":true,"content":true,"excerpt":false}}},"publishpress_future_action":{"enabled":false,"date":"2026-05-08 13:55:52","action":"change-status","newStatus":"draft","terms":[],"taxonomy":"category","extraData":[]},"publishpress_future_workflow_manual_trigger":{"enabledWorkflows":[]},"_links":{"self":[{"href":"https:\/\/stadt-adventskalender.de\/freiberg\/wp-json\/wp\/v2\/posts\/273","targetHints":{"allow":["GET"]}}],"collection":[{"href":"https:\/\/stadt-adventskalender.de\/freiberg\/wp-json\/wp\/v2\/posts"}],"about":[{"href":"https:\/\/stadt-adventskalender.de\/freiberg\/wp-json\/wp\/v2\/types\/post"}],"author":[{"embeddable":true,"href":"https:\/\/stadt-adventskalender.de\/freiberg\/wp-json\/wp\/v2\/users\/1"}],"replies":[{"embeddable":true,"href":"https:\/\/stadt-adventskalender.de\/freiberg\/wp-json\/wp\/v2\/comments?post=273"}],"version-history":[{"count":5,"href":"https:\/\/stadt-adventskalender.de\/freiberg\/wp-json\/wp\/v2\/posts\/273\/revisions"}],"predecessor-version":[{"id":701,"href":"https:\/\/stadt-adventskalender.de\/freiberg\/wp-json\/wp\/v2\/posts\/273\/revisions\/701"}],"wp:attachment":[{"href":"https:\/\/stadt-adventskalender.de\/freiberg\/wp-json\/wp\/v2\/media?parent=273"}],"wp:term":[{"taxonomy":"category","embeddable":true,"href":"https:\/\/stadt-adventskalender.de\/freiberg\/wp-json\/wp\/v2\/categories?post=273"},{"taxonomy":"post_tag","embeddable":true,"href":"https:\/\/stadt-adventskalender.de\/freiberg\/wp-json\/wp\/v2\/tags?post=273"}],"curies":[{"name":"wp","href":"https:\/\/api.w.org\/{rel}","templated":true}]}}