{"id":253,"date":"2025-12-03T00:00:00","date_gmt":"2025-12-02T23:00:00","guid":{"rendered":"http:\/\/stadt-adventskalender.de\/freiberg\/?p=253"},"modified":"2025-11-14T23:30:53","modified_gmt":"2025-11-14T22:30:53","slug":"03-2","status":"publish","type":"post","link":"https:\/\/stadt-adventskalender.de\/freiberg\/2025\/12\/03\/03-2\/","title":{"rendered":"03"},"content":{"rendered":"<h1><span class=\"abstand\">3<\/span><img loading=\"lazy\" decoding=\"async\" class=\"alignnone size-full wp-image-8\" src=\"https:\/\/stadt-adventskalender.de\/freiberg\/wp-content\/uploads\/sites\/3\/2017\/11\/03.png\" alt=\"\" width=\"300\" height=\"300\" srcset=\"https:\/\/stadt-adventskalender.de\/freiberg\/wp-content\/uploads\/sites\/3\/2017\/11\/03.png 300w, https:\/\/stadt-adventskalender.de\/freiberg\/wp-content\/uploads\/sites\/3\/2017\/11\/03-150x150.png 150w, https:\/\/stadt-adventskalender.de\/freiberg\/wp-content\/uploads\/sites\/3\/2017\/11\/03-100x100.png 100w\" sizes=\"auto, (max-width: 300px) 100vw, 300px\" \/><\/h1>\n<h4>Applaus!<\/h4>\n<p>Nun, ein gro\u00dfer Meister wurde Carl Maria von Weber erst sp\u00e4ter. Seine erste Oper \u201eDas stumme Waldm\u00e4dchen\u201c schrieb er in Freiberg im zarten Alter von 14 Jahren. Zur Urauff\u00fchrung im Theater reichte es bereits.<br \/>\nGespielt wurde bis ins Jahr 1790 im st\u00e4dtischen Kaufhaus, bis es es leider wegen Brandgefahr als B\u00fchne verboten wurde. Bis dahin gastierte sogar die Truppe der Friederike Caroline Neuber hier.<br \/>\nDem Messerschmiedemeister Engler aber ist das \u201erichtige\u201c Theater zu verdanken. Mit Kapital aus einer Pulverm\u00fchle gesegnet, lie\u00df Engler das Haus am Buttermarkt zum Theater umbauen und verkaufte es ein Jahr sp\u00e4ter der Stadt. So steht seit 1790 das \u00e4lteste st\u00e4dtische Theater der Welt in Freiberg.<\/p>\n","protected":false},"excerpt":{"rendered":"<p>3 Applaus! Nun, ein gro\u00dfer Meister wurde Carl Maria von Weber erst sp\u00e4ter. Seine erste Oper \u201eDas stumme Waldm\u00e4dchen\u201c schrieb er in Freiberg im zarten Alter von 14 Jahren. Zur Urauff\u00fchrung im Theater reichte es bereits. Gespielt wurde bis ins Jahr 1790 im st\u00e4dtischen Kaufhaus, bis es es leider wegen Brandgefahr als B\u00fchne verboten wurde. &hellip; <a href=\"https:\/\/stadt-adventskalender.de\/freiberg\/2025\/12\/03\/03-2\/\" class=\"more-link\"><span class=\"screen-reader-text\">03<\/span> weiterlesen<\/a><\/p>\n","protected":false},"author":1,"featured_media":0,"comment_status":"closed","ping_status":"closed","sticky":false,"template":"","format":"standard","meta":{"footnotes":""},"categories":[5,1],"tags":[],"class_list":["post-253","post","type-post","status-publish","format-standard","hentry","category-alleoffen","category-allgemein"],"translation":{"provider":"WPGlobus","version":"3.0.0","language":"de","enabled_languages":["de","en"],"languages":{"de":{"title":true,"content":true,"excerpt":false},"en":{"title":true,"content":true,"excerpt":false}}},"publishpress_future_action":{"enabled":false,"date":"2026-05-08 13:55:23","action":"change-status","newStatus":"draft","terms":[],"taxonomy":"category","extraData":[]},"publishpress_future_workflow_manual_trigger":{"enabledWorkflows":[]},"_links":{"self":[{"href":"https:\/\/stadt-adventskalender.de\/freiberg\/wp-json\/wp\/v2\/posts\/253","targetHints":{"allow":["GET"]}}],"collection":[{"href":"https:\/\/stadt-adventskalender.de\/freiberg\/wp-json\/wp\/v2\/posts"}],"about":[{"href":"https:\/\/stadt-adventskalender.de\/freiberg\/wp-json\/wp\/v2\/types\/post"}],"author":[{"embeddable":true,"href":"https:\/\/stadt-adventskalender.de\/freiberg\/wp-json\/wp\/v2\/users\/1"}],"replies":[{"embeddable":true,"href":"https:\/\/stadt-adventskalender.de\/freiberg\/wp-json\/wp\/v2\/comments?post=253"}],"version-history":[{"count":4,"href":"https:\/\/stadt-adventskalender.de\/freiberg\/wp-json\/wp\/v2\/posts\/253\/revisions"}],"predecessor-version":[{"id":617,"href":"https:\/\/stadt-adventskalender.de\/freiberg\/wp-json\/wp\/v2\/posts\/253\/revisions\/617"}],"wp:attachment":[{"href":"https:\/\/stadt-adventskalender.de\/freiberg\/wp-json\/wp\/v2\/media?parent=253"}],"wp:term":[{"taxonomy":"category","embeddable":true,"href":"https:\/\/stadt-adventskalender.de\/freiberg\/wp-json\/wp\/v2\/categories?post=253"},{"taxonomy":"post_tag","embeddable":true,"href":"https:\/\/stadt-adventskalender.de\/freiberg\/wp-json\/wp\/v2\/tags?post=253"}],"curies":[{"name":"wp","href":"https:\/\/api.w.org\/{rel}","templated":true}]}}