{"id":240,"date":"2025-12-01T00:04:00","date_gmt":"2025-11-30T23:04:00","guid":{"rendered":"http:\/\/stadt-adventskalender.de\/freiberg\/?p=240"},"modified":"2025-12-01T00:04:52","modified_gmt":"2025-11-30T23:04:52","slug":"01-2","status":"publish","type":"post","link":"https:\/\/stadt-adventskalender.de\/freiberg\/2025\/12\/01\/01-2\/","title":{"rendered":"01"},"content":{"rendered":"<h1><span class=\"abstand\">1<\/span><img loading=\"lazy\" decoding=\"async\" class=\"alignnone size-full wp-image-6\" src=\"https:\/\/stadt-adventskalender.de\/freiberg\/wp-content\/uploads\/sites\/3\/2017\/11\/01.png\" alt=\"\" width=\"300\" height=\"300\" srcset=\"https:\/\/stadt-adventskalender.de\/freiberg\/wp-content\/uploads\/sites\/3\/2017\/11\/01.png 300w, https:\/\/stadt-adventskalender.de\/freiberg\/wp-content\/uploads\/sites\/3\/2017\/11\/01-150x150.png 150w, https:\/\/stadt-adventskalender.de\/freiberg\/wp-content\/uploads\/sites\/3\/2017\/11\/01-100x100.png 100w\" sizes=\"auto, (max-width: 300px) 100vw, 300px\" \/><\/h1>\n<h4>Kopfloser Ritter<\/h4>\n<p>Ein Gaffkopf mit goldenem Helm und Knebelbart, dem Ritter von Kauffungen zugerechnet, sieht vom Rathaus aus auf den Obermarkt genau auf die schwarze Stelle, auf die sein Kopf fiel. Er griff 1455 zum drastischen Mittel einer Prinzenentf\u00fchrung, wurde gefa\u00dft und der Kopf hier auf dem Markt vom Rumpf getrennt. Die beiden entf\u00fchrten Prinzen, mittlerweile erwachsen, herrschten sp\u00e4ter gemeinsam \u00fcber Kursachsen, bis sie schlie\u00dflich ihre L\u00e4ndereien aufteilten und Prinz Albrecht das Mei\u00dfner Land erhielt.<br \/>\nZu Albrechts nachfolgender Verwandtschaft z\u00e4hlte August der Starke, der ebenfalls in mehreren Teilen beigesetzt wurde &#8211; nur nicht wie vorgesehen in der kurf\u00fcrstlichen Begr\u00e4bniskapelle im Freiberger Dom sondern in Krakau, Warschau und Dresden.<\/p>\n","protected":false},"excerpt":{"rendered":"<p>1 Kopfloser Ritter Ein Gaffkopf mit goldenem Helm und Knebelbart, dem Ritter von Kauffungen zugerechnet, sieht vom Rathaus aus auf den Obermarkt genau auf die schwarze Stelle, auf die sein Kopf fiel. Er griff 1455 zum drastischen Mittel einer Prinzenentf\u00fchrung, wurde gefa\u00dft und der Kopf hier auf dem Markt vom Rumpf getrennt. Die beiden entf\u00fchrten &hellip; <a href=\"https:\/\/stadt-adventskalender.de\/freiberg\/2025\/12\/01\/01-2\/\" class=\"more-link\"><span class=\"screen-reader-text\">01<\/span> weiterlesen<\/a><\/p>\n","protected":false},"author":1,"featured_media":0,"comment_status":"closed","ping_status":"closed","sticky":false,"template":"","format":"standard","meta":{"footnotes":""},"categories":[5,1],"tags":[],"class_list":["post-240","post","type-post","status-publish","format-standard","hentry","category-alleoffen","category-allgemein"],"translation":{"provider":"WPGlobus","version":"3.0.0","language":"de","enabled_languages":["de","en"],"languages":{"de":{"title":true,"content":true,"excerpt":false},"en":{"title":true,"content":true,"excerpt":false}}},"publishpress_future_action":{"enabled":false,"date":"2026-05-08 13:55:53","action":"change-status","newStatus":"draft","terms":[],"taxonomy":"category","extraData":[]},"publishpress_future_workflow_manual_trigger":{"enabledWorkflows":[]},"_links":{"self":[{"href":"https:\/\/stadt-adventskalender.de\/freiberg\/wp-json\/wp\/v2\/posts\/240","targetHints":{"allow":["GET"]}}],"collection":[{"href":"https:\/\/stadt-adventskalender.de\/freiberg\/wp-json\/wp\/v2\/posts"}],"about":[{"href":"https:\/\/stadt-adventskalender.de\/freiberg\/wp-json\/wp\/v2\/types\/post"}],"author":[{"embeddable":true,"href":"https:\/\/stadt-adventskalender.de\/freiberg\/wp-json\/wp\/v2\/users\/1"}],"replies":[{"embeddable":true,"href":"https:\/\/stadt-adventskalender.de\/freiberg\/wp-json\/wp\/v2\/comments?post=240"}],"version-history":[{"count":5,"href":"https:\/\/stadt-adventskalender.de\/freiberg\/wp-json\/wp\/v2\/posts\/240\/revisions"}],"predecessor-version":[{"id":580,"href":"https:\/\/stadt-adventskalender.de\/freiberg\/wp-json\/wp\/v2\/posts\/240\/revisions\/580"}],"wp:attachment":[{"href":"https:\/\/stadt-adventskalender.de\/freiberg\/wp-json\/wp\/v2\/media?parent=240"}],"wp:term":[{"taxonomy":"category","embeddable":true,"href":"https:\/\/stadt-adventskalender.de\/freiberg\/wp-json\/wp\/v2\/categories?post=240"},{"taxonomy":"post_tag","embeddable":true,"href":"https:\/\/stadt-adventskalender.de\/freiberg\/wp-json\/wp\/v2\/tags?post=240"}],"curies":[{"name":"wp","href":"https:\/\/api.w.org\/{rel}","templated":true}]}}