{"id":201,"date":"2025-12-23T00:00:00","date_gmt":"2025-12-22T23:00:00","guid":{"rendered":"http:\/\/stadt-adventskalender.de\/freiberg\/?p=201"},"modified":"2025-11-14T23:30:14","modified_gmt":"2025-11-14T22:30:14","slug":"23-2","status":"publish","type":"post","link":"https:\/\/stadt-adventskalender.de\/freiberg\/2025\/12\/23\/23-2\/","title":{"rendered":"23"},"content":{"rendered":"<\/p>\n<!-- \/wp:post-content -->\n\n<!-- wp:heading {\"level\":1} -->\n<h1>23<img loading=\"lazy\" decoding=\"async\" class=\"alignnone wp-image-28 size-full\" src=\"https:\/\/stadt-adventskalender.de\/freiberg\/wp-content\/uploads\/sites\/3\/2017\/11\/23.png\" alt=\"\" width=\"300\" height=\"300\" srcset=\"https:\/\/stadt-adventskalender.de\/freiberg\/wp-content\/uploads\/sites\/3\/2017\/11\/23.png 300w, https:\/\/stadt-adventskalender.de\/freiberg\/wp-content\/uploads\/sites\/3\/2017\/11\/23-150x150.png 150w, https:\/\/stadt-adventskalender.de\/freiberg\/wp-content\/uploads\/sites\/3\/2017\/11\/23-100x100.png 100w\" sizes=\"auto, (max-width: 300px) 100vw, 300px\" \/><\/h1>\n<!-- \/wp:heading -->\n\n<!-- wp:heading {\"level\":4} -->\n<h4>Froschk\u00f6nig untertage<\/h4>\n<!-- \/wp:heading -->\n\n<!-- wp:paragraph -->\n<p>Mit einem brennenden Kienspan zwischen den Z\u00e4hnen gingen die ersten Bergleute in Europa untertage. Ausgefallene Z\u00e4hne machten sie zwangsl\u00e4ufig \u201ebergfertig\u201c, zu Invaliden.<br>Im Alten \u00c4gypten nutzte man offene \u00d6l-und Fettlampen. Die ersten Lampen aus Ton brachten r\u00f6mische Legion\u00e4re nach Mitteleuropa. Aus ihnen entwickelten sich die erst offenen, sp\u00e4ter auch geschlossenen Froschlampen. Ab dem 18. Jahrhundert trugen die Bergleute das Geleucht am Bergmannshut oder &#8211; die \u201eFreiberger Blende\u201c &#8211; &nbsp;mit einem \u00d6ll\u00e4mpchen, einer Fettlampe oder Wachskerze hinter einer Glasscheibe an einer Schnur um den Hals. Auf diese Weise wurden beide H\u00e4nde zur Arbeit frei und das Sichtfeld gut beleuchtet.<br>Die \u00c4ra der \u00d6llampen endete fast schlagartig mit der Einf\u00fchrung der Karbidlampe um 1900. Ihre Flamme leuchtete mindestens zehn mal heller als die des traditionellen Geleuchts und war auch best\u00e4ndiger gegen Zugluft und Tropfwasser. Bei Sauerstoffmangel allerdings sind es die Feuerlampen, die vor der Gefahr warnen \u2013 sie erl\u00f6schen.<br>Einen Berg von innen hat diese Prunkfroschlampe sicher nicht gesehen. Lampen wie diese im Bergbaumuseum waren Ehrengaben an hohe Bergbeamte oder dienten der Repr\u00e4sentation.","protected":false},"excerpt":{"rendered":"<p>23 Froschk\u00f6nig untertage Mit einem brennenden Kienspan zwischen den Z\u00e4hnen gingen die ersten Bergleute in Europa untertage. Ausgefallene Z\u00e4hne machten sie zwangsl\u00e4ufig \u201ebergfertig\u201c, zu Invaliden.Im Alten \u00c4gypten nutzte man offene \u00d6l-und Fettlampen. Die ersten Lampen aus Ton brachten r\u00f6mische Legion\u00e4re nach Mitteleuropa. Aus ihnen entwickelten sich die erst offenen, sp\u00e4ter auch geschlossenen Froschlampen. Ab dem &hellip; <a href=\"https:\/\/stadt-adventskalender.de\/freiberg\/2025\/12\/23\/23-2\/\" class=\"more-link\"><span class=\"screen-reader-text\">23<\/span> weiterlesen<\/a><\/p>\n","protected":false},"author":1,"featured_media":0,"comment_status":"closed","ping_status":"closed","sticky":false,"template":"","format":"standard","meta":{"footnotes":""},"categories":[5,1],"tags":[],"class_list":["post-201","post","type-post","status-publish","format-standard","hentry","category-alleoffen","category-allgemein"],"translation":{"provider":"WPGlobus","version":"3.0.0","language":"de","enabled_languages":["de","en"],"languages":{"de":{"title":true,"content":true,"excerpt":false},"en":{"title":true,"content":true,"excerpt":false}}},"publishpress_future_action":{"enabled":false,"date":"2026-05-08 13:54:46","action":"change-status","newStatus":"draft","terms":[],"taxonomy":"category","extraData":[]},"publishpress_future_workflow_manual_trigger":{"enabledWorkflows":[]},"_links":{"self":[{"href":"https:\/\/stadt-adventskalender.de\/freiberg\/wp-json\/wp\/v2\/posts\/201","targetHints":{"allow":["GET"]}}],"collection":[{"href":"https:\/\/stadt-adventskalender.de\/freiberg\/wp-json\/wp\/v2\/posts"}],"about":[{"href":"https:\/\/stadt-adventskalender.de\/freiberg\/wp-json\/wp\/v2\/types\/post"}],"author":[{"embeddable":true,"href":"https:\/\/stadt-adventskalender.de\/freiberg\/wp-json\/wp\/v2\/users\/1"}],"replies":[{"embeddable":true,"href":"https:\/\/stadt-adventskalender.de\/freiberg\/wp-json\/wp\/v2\/comments?post=201"}],"version-history":[{"count":5,"href":"https:\/\/stadt-adventskalender.de\/freiberg\/wp-json\/wp\/v2\/posts\/201\/revisions"}],"predecessor-version":[{"id":665,"href":"https:\/\/stadt-adventskalender.de\/freiberg\/wp-json\/wp\/v2\/posts\/201\/revisions\/665"}],"wp:attachment":[{"href":"https:\/\/stadt-adventskalender.de\/freiberg\/wp-json\/wp\/v2\/media?parent=201"}],"wp:term":[{"taxonomy":"category","embeddable":true,"href":"https:\/\/stadt-adventskalender.de\/freiberg\/wp-json\/wp\/v2\/categories?post=201"},{"taxonomy":"post_tag","embeddable":true,"href":"https:\/\/stadt-adventskalender.de\/freiberg\/wp-json\/wp\/v2\/tags?post=201"}],"curies":[{"name":"wp","href":"https:\/\/api.w.org\/{rel}","templated":true}]}}