{"id":192,"date":"2025-12-20T00:00:00","date_gmt":"2025-12-19T23:00:00","guid":{"rendered":"http:\/\/stadt-adventskalender.de\/freiberg\/?p=192"},"modified":"2025-11-14T23:30:01","modified_gmt":"2025-11-14T22:30:01","slug":"20-2","status":"publish","type":"post","link":"https:\/\/stadt-adventskalender.de\/freiberg\/2025\/12\/20\/20-2\/","title":{"rendered":"20"},"content":{"rendered":"<h1>20<img loading=\"lazy\" decoding=\"async\" class=\"alignnone wp-image-25 size-full\" src=\"https:\/\/stadt-adventskalender.de\/freiberg\/wp-content\/uploads\/sites\/3\/2017\/11\/20.png\" alt=\"\" width=\"300\" height=\"300\" srcset=\"https:\/\/stadt-adventskalender.de\/freiberg\/wp-content\/uploads\/sites\/3\/2017\/11\/20.png 300w, https:\/\/stadt-adventskalender.de\/freiberg\/wp-content\/uploads\/sites\/3\/2017\/11\/20-150x150.png 150w, https:\/\/stadt-adventskalender.de\/freiberg\/wp-content\/uploads\/sites\/3\/2017\/11\/20-100x100.png 100w\" sizes=\"auto, (max-width: 300px) 100vw, 300px\" \/><\/h1>\n<h4>Zwei Seelen ach &#8230;<\/h4>\n<p><em>Was ihn aber mit voller Macht anzog, war eine hohe lichtblaue Blume, die ihn mit ihren breiten, gl\u00e4nzenden Bl\u00e4ttern ber\u00fchrte.<\/em><br \/>\nMit Novalis wird eine weitere Ber\u00fchmtheit 1797 Sch\u00fcler des verehrten Professors Werner und setzt ihm in seinem unvollendeten Roman \u201eHeinrich von Ofterdingen\u201c ein Denkmal. Auch das bekannte und f\u00fcr die Romantik und ihrer Sehnsucht nach dem Unerreichbaren, Unendlichen sinnbildlich gewordene Symbol der \u201eblauen Blume\u201c entstammt dem Roman. Novalis alias Friedrich von Hardenberg betreibt geologische Untersuchungen mit der gleichen Leidenschaft wie die Dichtkunst. Erstaunlich ist die Diskrepanz zwischen realistischer Beobachtung und romantischer Verkl\u00e4rung. Als Salinenassessor berichtet er mit sachlich d\u00fcrren Worten \u00fcber Arbeitsprozesse, wie ein Arbeiter die Kohle formt, welche Ma\u00dfe diese Formen haben, wie schwer die Arbeit ist, wie lang die Arbeitszeit, wie hoch der Lohn. Als Montanwissenschaftler bekennt er sich zum technischen Fortschritt, als Dichter leidet er unter der Sachlichkeit und dem Fortschrittsstreben.<\/p>\n","protected":false},"excerpt":{"rendered":"<p>20 Zwei Seelen ach &#8230; Was ihn aber mit voller Macht anzog, war eine hohe lichtblaue Blume, die ihn mit ihren breiten, gl\u00e4nzenden Bl\u00e4ttern ber\u00fchrte. Mit Novalis wird eine weitere Ber\u00fchmtheit 1797 Sch\u00fcler des verehrten Professors Werner und setzt ihm in seinem unvollendeten Roman \u201eHeinrich von Ofterdingen\u201c ein Denkmal. Auch das bekannte und f\u00fcr die &hellip; <a href=\"https:\/\/stadt-adventskalender.de\/freiberg\/2025\/12\/20\/20-2\/\" class=\"more-link\"><span class=\"screen-reader-text\">20<\/span> weiterlesen<\/a><\/p>\n","protected":false},"author":1,"featured_media":0,"comment_status":"closed","ping_status":"closed","sticky":false,"template":"","format":"standard","meta":{"footnotes":""},"categories":[5,1],"tags":[],"class_list":["post-192","post","type-post","status-publish","format-standard","hentry","category-alleoffen","category-allgemein"],"translation":{"provider":"WPGlobus","version":"3.0.0","language":"de","enabled_languages":["de","en"],"languages":{"de":{"title":true,"content":true,"excerpt":false},"en":{"title":true,"content":true,"excerpt":false}}},"publishpress_future_action":{"enabled":false,"date":"2026-05-08 13:55:12","action":"change-status","newStatus":"draft","terms":[],"taxonomy":"category","extraData":[]},"publishpress_future_workflow_manual_trigger":{"enabledWorkflows":[]},"_links":{"self":[{"href":"https:\/\/stadt-adventskalender.de\/freiberg\/wp-json\/wp\/v2\/posts\/192","targetHints":{"allow":["GET"]}}],"collection":[{"href":"https:\/\/stadt-adventskalender.de\/freiberg\/wp-json\/wp\/v2\/posts"}],"about":[{"href":"https:\/\/stadt-adventskalender.de\/freiberg\/wp-json\/wp\/v2\/types\/post"}],"author":[{"embeddable":true,"href":"https:\/\/stadt-adventskalender.de\/freiberg\/wp-json\/wp\/v2\/users\/1"}],"replies":[{"embeddable":true,"href":"https:\/\/stadt-adventskalender.de\/freiberg\/wp-json\/wp\/v2\/comments?post=192"}],"version-history":[{"count":7,"href":"https:\/\/stadt-adventskalender.de\/freiberg\/wp-json\/wp\/v2\/posts\/192\/revisions"}],"predecessor-version":[{"id":492,"href":"https:\/\/stadt-adventskalender.de\/freiberg\/wp-json\/wp\/v2\/posts\/192\/revisions\/492"}],"wp:attachment":[{"href":"https:\/\/stadt-adventskalender.de\/freiberg\/wp-json\/wp\/v2\/media?parent=192"}],"wp:term":[{"taxonomy":"category","embeddable":true,"href":"https:\/\/stadt-adventskalender.de\/freiberg\/wp-json\/wp\/v2\/categories?post=192"},{"taxonomy":"post_tag","embeddable":true,"href":"https:\/\/stadt-adventskalender.de\/freiberg\/wp-json\/wp\/v2\/tags?post=192"}],"curies":[{"name":"wp","href":"https:\/\/api.w.org\/{rel}","templated":true}]}}