{"id":227,"date":"2025-12-02T00:00:00","date_gmt":"2025-12-01T23:00:00","guid":{"rendered":"http:\/\/stadt-adventskalender.de\/elbhang\/?p=227"},"modified":"2025-10-25T14:07:25","modified_gmt":"2025-10-25T12:07:25","slug":"02","status":"publish","type":"post","link":"https:\/\/stadt-adventskalender.de\/elbhang\/en\/02\/","title":{"rendered":"02"},"content":{"rendered":"<h1>2<img loading=\"lazy\" decoding=\"async\" class=\"alignnone size-full wp-image-20\" src=\"https:\/\/stadt-adventskalender.de\/elbhang\/wp-content\/uploads\/sites\/7\/2018\/11\/2-eichenlaub.png\" alt=\"\" width=\"300\" height=\"300\" \/><\/h1>\n<h4>Schillergarten<\/h4>\n<p>Der Berliner Buchdrucker und Erfinder der Anschlags\u00e4ule, Litfa\u00df, spendete anl\u00e4sslich Schillers 100. Geburtstag ein Denkmal f\u00fcr den gro\u00dfen deutschen Dichter, das im Garten des Schillergartens aufgestellt wurde. Im Rahmen der Festivit\u00e4ten wurde das Wirtshaus umbenannt. Das Eichenlaub ist Teil des steinernen Denkmals. Friedrich Schiller besuchte die Restauration am Schillerplatz in den Jahren 1785 bis 1787.<\/p>\n","protected":false},"excerpt":{"rendered":"<p>2 Schillergarten Der Berliner Buchdrucker und Erfinder der Anschlags\u00e4ule, Litfa\u00df, spendete anl\u00e4sslich Schillers 100. Geburtstag ein Denkmal f\u00fcr den gro\u00dfen deutschen Dichter, das im Garten des Schillergartens aufgestellt wurde. Im Rahmen der Festivit\u00e4ten wurde das Wirtshaus umbenannt. Das Eichenlaub ist Teil des steinernen Denkmals. Friedrich Schiller besuchte die Restauration am Schillerplatz in den Jahren 1785 &hellip; <a href=\"https:\/\/stadt-adventskalender.de\/elbhang\/en\/02\/\" class=\"more-link\">Continue reading <span class=\"screen-reader-text\">02<\/span><\/a><\/p>\n","protected":false},"author":1,"featured_media":0,"comment_status":"closed","ping_status":"open","sticky":false,"template":"","format":"standard","meta":{"footnotes":""},"categories":[3,1],"tags":[],"class_list":["post-227","post","type-post","status-publish","format-standard","hentry","category-alleoffen","category-allgemein"],"translation":{"provider":"WPGlobus","version":"3.0.0","language":"en","enabled_languages":["de","en"],"languages":{"de":{"title":true,"content":true,"excerpt":false},"en":{"title":true,"content":false,"excerpt":false}}},"publishpress_future_action":{"enabled":false,"date":"2026-05-08 06:24:59","action":"change-status","newStatus":"draft","terms":[],"taxonomy":"category","extraData":[]},"publishpress_future_workflow_manual_trigger":{"enabledWorkflows":[]},"_links":{"self":[{"href":"https:\/\/stadt-adventskalender.de\/elbhang\/en\/wp-json\/wp\/v2\/posts\/227","targetHints":{"allow":["GET"]}}],"collection":[{"href":"https:\/\/stadt-adventskalender.de\/elbhang\/en\/wp-json\/wp\/v2\/posts"}],"about":[{"href":"https:\/\/stadt-adventskalender.de\/elbhang\/en\/wp-json\/wp\/v2\/types\/post"}],"author":[{"embeddable":true,"href":"https:\/\/stadt-adventskalender.de\/elbhang\/en\/wp-json\/wp\/v2\/users\/1"}],"replies":[{"embeddable":true,"href":"https:\/\/stadt-adventskalender.de\/elbhang\/en\/wp-json\/wp\/v2\/comments?post=227"}],"version-history":[{"count":3,"href":"https:\/\/stadt-adventskalender.de\/elbhang\/en\/wp-json\/wp\/v2\/posts\/227\/revisions"}],"predecessor-version":[{"id":465,"href":"https:\/\/stadt-adventskalender.de\/elbhang\/en\/wp-json\/wp\/v2\/posts\/227\/revisions\/465"}],"wp:attachment":[{"href":"https:\/\/stadt-adventskalender.de\/elbhang\/en\/wp-json\/wp\/v2\/media?parent=227"}],"wp:term":[{"taxonomy":"category","embeddable":true,"href":"https:\/\/stadt-adventskalender.de\/elbhang\/en\/wp-json\/wp\/v2\/categories?post=227"},{"taxonomy":"post_tag","embeddable":true,"href":"https:\/\/stadt-adventskalender.de\/elbhang\/en\/wp-json\/wp\/v2\/tags?post=227"}],"curies":[{"name":"wp","href":"https:\/\/api.w.org\/{rel}","templated":true}]}}