{"id":223,"date":"2025-12-04T00:00:00","date_gmt":"2025-12-03T23:00:00","guid":{"rendered":"http:\/\/stadt-adventskalender.de\/elbhang\/?p=223"},"modified":"2025-10-25T14:07:11","modified_gmt":"2025-10-25T12:07:11","slug":"04","status":"publish","type":"post","link":"https:\/\/stadt-adventskalender.de\/elbhang\/en\/04\/","title":{"rendered":"04"},"content":{"rendered":"<h1>4<img loading=\"lazy\" decoding=\"async\" class=\"alignnone size-full wp-image-20\" src=\"https:\/\/stadt-adventskalender.de\/elbhang\/wp-content\/uploads\/sites\/7\/2018\/11\/4-wieck.png\" alt=\"\" width=\"300\" height=\"300\" \/><\/h1>\n<h4>Wieckhaus<\/h4>\n<p>\u201e&#8230;<em>der \u00fcber ihre Gesundheit wachte, sorgte, da\u00df sie t\u00fcchtig spazieren ginge, nie in sp\u00e4te Gesellschaften Einladungen ann\u00e4hme, nie zu viel hintereinander \u00fcbte, nie am Nachmittag vor einem Abendconcerte anderes th\u00e4te als ruhete, kurz, der sie bewachte. Die Leute w\u00fcrden ihn freilich einen Tyrannen nennen, wie es mein Vater sich gefallen lassen mu\u00dfte, \u2013 ich danke es ihm aber noch t\u00e4glich&#8230;<\/em>\u201c schrieb die Tochter in einem Brief \u00fcber den Vater.<br \/>\nIm selben Jahr, in dem Friedrich Wieck nach Dresden Loschwitz zog, 1840, heiratete dessen Tochter Clara den Komponisten Robert Schumann \u2013 eine von ihm mi\u00dfbilligte, vor Gericht erstrittene Angelegenheit. Wieck wohnte bis zu seinem Tode in dem kleinen Haus unweit des K\u00f6rnerplatzes an der Elbe.<\/p>\n","protected":false},"excerpt":{"rendered":"<p>4 Wieckhaus \u201e&#8230;der \u00fcber ihre Gesundheit wachte, sorgte, da\u00df sie t\u00fcchtig spazieren ginge, nie in sp\u00e4te Gesellschaften Einladungen ann\u00e4hme, nie zu viel hintereinander \u00fcbte, nie am Nachmittag vor einem Abendconcerte anderes th\u00e4te als ruhete, kurz, der sie bewachte. Die Leute w\u00fcrden ihn freilich einen Tyrannen nennen, wie es mein Vater sich gefallen lassen mu\u00dfte, \u2013 &hellip; <a href=\"https:\/\/stadt-adventskalender.de\/elbhang\/en\/04\/\" class=\"more-link\">Continue reading <span class=\"screen-reader-text\">04<\/span><\/a><\/p>\n","protected":false},"author":1,"featured_media":0,"comment_status":"closed","ping_status":"open","sticky":false,"template":"","format":"standard","meta":{"footnotes":""},"categories":[3,1],"tags":[],"class_list":["post-223","post","type-post","status-publish","format-standard","hentry","category-alleoffen","category-allgemein"],"translation":{"provider":"WPGlobus","version":"3.0.0","language":"en","enabled_languages":["de","en"],"languages":{"de":{"title":true,"content":true,"excerpt":false},"en":{"title":true,"content":false,"excerpt":false}}},"publishpress_future_action":{"enabled":false,"date":"2026-05-08 06:24:59","action":"change-status","newStatus":"draft","terms":[],"taxonomy":"category","extraData":[]},"publishpress_future_workflow_manual_trigger":{"enabledWorkflows":[]},"_links":{"self":[{"href":"https:\/\/stadt-adventskalender.de\/elbhang\/en\/wp-json\/wp\/v2\/posts\/223","targetHints":{"allow":["GET"]}}],"collection":[{"href":"https:\/\/stadt-adventskalender.de\/elbhang\/en\/wp-json\/wp\/v2\/posts"}],"about":[{"href":"https:\/\/stadt-adventskalender.de\/elbhang\/en\/wp-json\/wp\/v2\/types\/post"}],"author":[{"embeddable":true,"href":"https:\/\/stadt-adventskalender.de\/elbhang\/en\/wp-json\/wp\/v2\/users\/1"}],"replies":[{"embeddable":true,"href":"https:\/\/stadt-adventskalender.de\/elbhang\/en\/wp-json\/wp\/v2\/comments?post=223"}],"version-history":[{"count":3,"href":"https:\/\/stadt-adventskalender.de\/elbhang\/en\/wp-json\/wp\/v2\/posts\/223\/revisions"}],"predecessor-version":[{"id":460,"href":"https:\/\/stadt-adventskalender.de\/elbhang\/en\/wp-json\/wp\/v2\/posts\/223\/revisions\/460"}],"wp:attachment":[{"href":"https:\/\/stadt-adventskalender.de\/elbhang\/en\/wp-json\/wp\/v2\/media?parent=223"}],"wp:term":[{"taxonomy":"category","embeddable":true,"href":"https:\/\/stadt-adventskalender.de\/elbhang\/en\/wp-json\/wp\/v2\/categories?post=223"},{"taxonomy":"post_tag","embeddable":true,"href":"https:\/\/stadt-adventskalender.de\/elbhang\/en\/wp-json\/wp\/v2\/tags?post=223"}],"curies":[{"name":"wp","href":"https:\/\/api.w.org\/{rel}","templated":true}]}}