{"id":693,"date":"2025-12-23T00:00:17","date_gmt":"2025-12-22T23:00:17","guid":{"rendered":"http:\/\/stadt-adventskalender.de\/dresden\/?p=693"},"modified":"2025-10-17T21:51:11","modified_gmt":"2025-10-17T19:51:11","slug":"23","status":"publish","type":"post","link":"https:\/\/stadt-adventskalender.de\/dresden\/2025\/12\/23\/23\/","title":{"rendered":"23"},"content":{"rendered":"<h1><span class=\"abstand\">23<\/span><img loading=\"lazy\" decoding=\"async\" class=\"alignnone wp-image-184 size-full\" src=\"https:\/\/stadt-adventskalender.de\/dresden\/wp-content\/uploads\/sites\/4\/2017\/11\/23.png\" alt=\"\" width=\"300\" height=\"300\" srcset=\"https:\/\/stadt-adventskalender.de\/dresden\/wp-content\/uploads\/sites\/4\/2017\/11\/23.png 300w, https:\/\/stadt-adventskalender.de\/dresden\/wp-content\/uploads\/sites\/4\/2017\/11\/23-150x150.png 150w\" sizes=\"auto, (max-width: 300px) 100vw, 300px\" \/><\/h1>\n<h4>Automat im B\u00e4renfell<\/h4>\n<p>Ein Riesenwecker! Das Zifferblatt der Uhr prangt als goldener Orden mitten auf der Brust eines B\u00e4ren aus dem Jahre 1625. Wenn die Uhr tickt, rollen die B\u00e4renaugen hin und her. Als Trommelwirbel erfolgt das Wecken eher unsanft, sollte doch jeder F\u00fcrst aus dem Bett fallen. Der Mathematisch-Physikalische Salon im Zwinger beherbergt eine Vielzahl interessanter kunstfertiger Objekte, mechanische Wunderwerke und mathematische Instrumente. Hier werden die Anf\u00e4nge der Sammlung in der Dresdner Kunstkammer des 16. Jahrhunderts vorgestellt: die Auseinandersetzung der Kurf\u00fcrsten mit Vermessungsfragen, mit der Astronomie und ihre Begeisterung f\u00fcr Automaten.<\/p>\n","protected":false},"excerpt":{"rendered":"<p>23 Automat im B\u00e4renfell Ein Riesenwecker! Das Zifferblatt der Uhr prangt als goldener Orden mitten auf der Brust eines B\u00e4ren aus dem Jahre 1625. Wenn die Uhr tickt, rollen die B\u00e4renaugen hin und her. Als Trommelwirbel erfolgt das Wecken eher unsanft, sollte doch jeder F\u00fcrst aus dem Bett fallen. Der Mathematisch-Physikalische Salon im Zwinger beherbergt &hellip; <a href=\"https:\/\/stadt-adventskalender.de\/dresden\/2025\/12\/23\/23\/\" class=\"more-link\"><span class=\"screen-reader-text\">23<\/span> weiterlesen<\/a><\/p>\n","protected":false},"author":1,"featured_media":0,"comment_status":"closed","ping_status":"open","sticky":false,"template":"","format":"standard","meta":{"footnotes":""},"categories":[5,1],"tags":[],"class_list":["post-693","post","type-post","status-publish","format-standard","hentry","category-alleoffen","category-allgemein"],"translation":{"provider":"WPGlobus","version":"3.0.0","language":"de","enabled_languages":["de","en"],"languages":{"de":{"title":true,"content":true,"excerpt":false},"en":{"title":true,"content":true,"excerpt":false}}},"publishpress_future_action":{"enabled":false,"date":"2026-05-08 07:15:48","action":"change-status","newStatus":"draft","terms":[],"taxonomy":"category","extraData":[]},"publishpress_future_workflow_manual_trigger":{"enabledWorkflows":[]},"_links":{"self":[{"href":"https:\/\/stadt-adventskalender.de\/dresden\/wp-json\/wp\/v2\/posts\/693","targetHints":{"allow":["GET"]}}],"collection":[{"href":"https:\/\/stadt-adventskalender.de\/dresden\/wp-json\/wp\/v2\/posts"}],"about":[{"href":"https:\/\/stadt-adventskalender.de\/dresden\/wp-json\/wp\/v2\/types\/post"}],"author":[{"embeddable":true,"href":"https:\/\/stadt-adventskalender.de\/dresden\/wp-json\/wp\/v2\/users\/1"}],"replies":[{"embeddable":true,"href":"https:\/\/stadt-adventskalender.de\/dresden\/wp-json\/wp\/v2\/comments?post=693"}],"version-history":[{"count":4,"href":"https:\/\/stadt-adventskalender.de\/dresden\/wp-json\/wp\/v2\/posts\/693\/revisions"}],"predecessor-version":[{"id":920,"href":"https:\/\/stadt-adventskalender.de\/dresden\/wp-json\/wp\/v2\/posts\/693\/revisions\/920"}],"wp:attachment":[{"href":"https:\/\/stadt-adventskalender.de\/dresden\/wp-json\/wp\/v2\/media?parent=693"}],"wp:term":[{"taxonomy":"category","embeddable":true,"href":"https:\/\/stadt-adventskalender.de\/dresden\/wp-json\/wp\/v2\/categories?post=693"},{"taxonomy":"post_tag","embeddable":true,"href":"https:\/\/stadt-adventskalender.de\/dresden\/wp-json\/wp\/v2\/tags?post=693"}],"curies":[{"name":"wp","href":"https:\/\/api.w.org\/{rel}","templated":true}]}}