{"id":613,"date":"2025-12-24T00:00:17","date_gmt":"2025-12-23T23:00:17","guid":{"rendered":"http:\/\/stadt-adventskalender.de\/dresden\/?p=613"},"modified":"2025-10-17T21:49:36","modified_gmt":"2025-10-17T19:49:36","slug":"14-heute-4","status":"publish","type":"post","link":"https:\/\/stadt-adventskalender.de\/dresden\/2025\/12\/24\/14-heute-4\/","title":{"rendered":"24-heute"},"content":{"rendered":"<h1><span class=\"abstand\">24<\/span><img loading=\"lazy\" decoding=\"async\" class=\"alignnone wp-image-27 size-full\" src=\"https:\/\/stadt-adventskalender.de\/dresden\/wp-content\/uploads\/sites\/4\/2017\/10\/24.png\" alt=\"\" width=\"300\" height=\"300\" srcset=\"https:\/\/stadt-adventskalender.de\/dresden\/wp-content\/uploads\/sites\/4\/2017\/10\/24.png 300w, https:\/\/stadt-adventskalender.de\/dresden\/wp-content\/uploads\/sites\/4\/2017\/10\/24-150x150.png 150w, https:\/\/stadt-adventskalender.de\/dresden\/wp-content\/uploads\/sites\/4\/2017\/10\/24-100x100.png 100w\" sizes=\"auto, (max-width: 300px) 100vw, 300px\" \/><\/h1>\n<h4>Sakrales Leuchten<\/h4>\n<p>Seit September 1746 befindet sich \u201eDie Heilige Nacht\u201c von Correggio in Dresden. Das Bild wurde als die in ganz Europa ber\u00fchmte \u201efamosa notte\u201c in das Gem\u00e4ldeinventar eingetragen. Vor 1800 war es das bekannteste Bild der Dresdner Sammlung, wurde dann aber von der Sixtinischen Madonna abgel\u00f6st.<br \/>\nDas Bild greift eine Begebenheit aus dem Protevangelium des Jakobus, einer fr\u00fchchristliche Schrift Mitte des 2. Jahrhunderts auf: Auf dem Weg nach Bethlehem setzen bei Maria die Geburtswehen ein. Joseph findet als Unterkunft nur eine H\u00f6hle, in die er Maria f\u00fchrt. Dann macht er sich auf die Suche einer Hebamme. Als er zur\u00fcckkehrt, bedeckt eine Wolke die H\u00f6hle. Als sie den Blick auf die H\u00f6hle freigibt, ist diese von einem so grossen Licht erf\u00fcllt, dass es die Augen nicht ertragen k\u00f6nnen &#8230;<br \/>\nDie Bildidee des in der Literatur als \u201esakrales Leuchtlicht\u201c bezeichneten Motivs wurde schon vor Correggio von verschiedenen Malern aufgegriffen.<\/p>\n<h1>Frohe<br \/>\nWeihnachten!<\/h1>\n","protected":false},"excerpt":{"rendered":"<p>24 Sakrales Leuchten Seit September 1746 befindet sich \u201eDie Heilige Nacht\u201c von Correggio in Dresden. Das Bild wurde als die in ganz Europa ber\u00fchmte \u201efamosa notte\u201c in das Gem\u00e4ldeinventar eingetragen. Vor 1800 war es das bekannteste Bild der Dresdner Sammlung, wurde dann aber von der Sixtinischen Madonna abgel\u00f6st. Das Bild greift eine Begebenheit aus dem &hellip; <a href=\"https:\/\/stadt-adventskalender.de\/dresden\/2025\/12\/24\/14-heute-4\/\" class=\"more-link\"><span class=\"screen-reader-text\">24-heute<\/span> weiterlesen<\/a><\/p>\n","protected":false},"author":1,"featured_media":0,"comment_status":"closed","ping_status":"open","sticky":false,"template":"","format":"standard","meta":{"footnotes":""},"categories":[5,1,4],"tags":[],"class_list":["post-613","post","type-post","status-publish","format-standard","hentry","category-alleoffen","category-allgemein","category-heute"],"translation":{"provider":"WPGlobus","version":"3.0.0","language":"de","enabled_languages":["de","en"],"languages":{"de":{"title":true,"content":true,"excerpt":false},"en":{"title":true,"content":true,"excerpt":false}}},"publishpress_future_action":{"enabled":false,"date":"2026-05-08 06:31:11","action":"change-status","newStatus":"draft","terms":[],"taxonomy":"category","extraData":[]},"publishpress_future_workflow_manual_trigger":{"enabledWorkflows":[]},"_links":{"self":[{"href":"https:\/\/stadt-adventskalender.de\/dresden\/wp-json\/wp\/v2\/posts\/613","targetHints":{"allow":["GET"]}}],"collection":[{"href":"https:\/\/stadt-adventskalender.de\/dresden\/wp-json\/wp\/v2\/posts"}],"about":[{"href":"https:\/\/stadt-adventskalender.de\/dresden\/wp-json\/wp\/v2\/types\/post"}],"author":[{"embeddable":true,"href":"https:\/\/stadt-adventskalender.de\/dresden\/wp-json\/wp\/v2\/users\/1"}],"replies":[{"embeddable":true,"href":"https:\/\/stadt-adventskalender.de\/dresden\/wp-json\/wp\/v2\/comments?post=613"}],"version-history":[{"count":8,"href":"https:\/\/stadt-adventskalender.de\/dresden\/wp-json\/wp\/v2\/posts\/613\/revisions"}],"predecessor-version":[{"id":922,"href":"https:\/\/stadt-adventskalender.de\/dresden\/wp-json\/wp\/v2\/posts\/613\/revisions\/922"}],"wp:attachment":[{"href":"https:\/\/stadt-adventskalender.de\/dresden\/wp-json\/wp\/v2\/media?parent=613"}],"wp:term":[{"taxonomy":"category","embeddable":true,"href":"https:\/\/stadt-adventskalender.de\/dresden\/wp-json\/wp\/v2\/categories?post=613"},{"taxonomy":"post_tag","embeddable":true,"href":"https:\/\/stadt-adventskalender.de\/dresden\/wp-json\/wp\/v2\/tags?post=613"}],"curies":[{"name":"wp","href":"https:\/\/api.w.org\/{rel}","templated":true}]}}