{"id":436,"date":"2025-12-06T00:00:17","date_gmt":"2025-12-05T23:00:17","guid":{"rendered":"http:\/\/stadt-adventskalender.de\/dresden\/2017\/12\/06\/06-heute\/"},"modified":"2025-10-17T21:58:01","modified_gmt":"2025-10-17T19:58:01","slug":"06","status":"publish","type":"post","link":"https:\/\/stadt-adventskalender.de\/dresden\/en\/2025\/12\/06\/06\/","title":{"rendered":"06"},"content":{"rendered":"<h1><span class=\"abstand\">6<\/span><img loading=\"lazy\" decoding=\"async\" class=\"alignnone wp-image-9 size-full\" src=\"https:\/\/stadt-adventskalender.de\/dresden\/wp-content\/uploads\/sites\/4\/2017\/10\/06.png\" alt=\"\" width=\"300\" height=\"300\" srcset=\"https:\/\/stadt-adventskalender.de\/dresden\/wp-content\/uploads\/sites\/4\/2017\/10\/06.png 300w, https:\/\/stadt-adventskalender.de\/dresden\/wp-content\/uploads\/sites\/4\/2017\/10\/06-150x150.png 150w, https:\/\/stadt-adventskalender.de\/dresden\/wp-content\/uploads\/sites\/4\/2017\/10\/06-100x100.png 100w\" sizes=\"auto, (max-width: 300px) 100vw, 300px\" \/><\/h1>\n<h4>Augustus Rex<\/h4>\n<p>Stark an k\u00f6rperlicher Kraft mu\u00df August tats\u00e4chlich gewesen sein, so soll er am 15. Februar 1711 ein Hufeisen mit den blo\u00dfen H\u00e4nden zerbrochen haben. Dar\u00fcber lie\u00df er ein Zertifikat anfertigen und es zusammen mit dem Corpus Delicti in der Kunstkammer aufbewahren. Auch seine K\u00f6rpergr\u00f6\u00dfe von 1,76 Metern war f\u00fcr damalige Verh\u00e4ltnisse \u00fcberdurchschnittlich.<br \/>\nIm Lavieren zwischen katholischem und protestantischen Glauben unterwarf August die Religionszugeh\u00f6rigkeit seinen Herrschaftsintentionen und so liegt das Herz in einer Kapsel in der Dresdner Hofkirche und der K\u00f6rper in Polen, obwohl ihm urspr\u00fcnglich die Grablege im Freiberger Dom zugedacht war.<br \/>\nDiese verschlungenen Initialen Augusts des Starken befinden sich am Goldenen Reiter, das besagte Hufeisen im Residenzschloss.<\/p>\n","protected":false},"excerpt":{"rendered":"<p>6 Augustus Rex Stark an k\u00f6rperlicher Kraft mu\u00df August tats\u00e4chlich gewesen sein, so soll er am 15. Februar 1711 ein Hufeisen mit den blo\u00dfen H\u00e4nden zerbrochen haben. Dar\u00fcber lie\u00df er ein Zertifikat anfertigen und es zusammen mit dem Corpus Delicti in der Kunstkammer aufbewahren. Auch seine K\u00f6rpergr\u00f6\u00dfe von 1,76 Metern war f\u00fcr damalige Verh\u00e4ltnisse \u00fcberdurchschnittlich. &hellip; <a href=\"https:\/\/stadt-adventskalender.de\/dresden\/en\/2025\/12\/06\/06\/\" class=\"more-link\">Continue reading <span class=\"screen-reader-text\">06<\/span><\/a><\/p>\n","protected":false},"author":1,"featured_media":0,"comment_status":"closed","ping_status":"open","sticky":false,"template":"","format":"standard","meta":{"footnotes":""},"categories":[5,1],"tags":[],"class_list":["post-436","post","type-post","status-publish","format-standard","hentry","category-alleoffen","category-allgemein"],"translation":{"provider":"WPGlobus","version":"3.0.0","language":"en","enabled_languages":["de","en"],"languages":{"de":{"title":true,"content":true,"excerpt":false},"en":{"title":true,"content":false,"excerpt":false}}},"publishpress_future_action":{"enabled":false,"date":"2026-05-08 08:05:15","action":"change-status","newStatus":"draft","terms":[],"taxonomy":"category","extraData":[]},"publishpress_future_workflow_manual_trigger":{"enabledWorkflows":[]},"_links":{"self":[{"href":"https:\/\/stadt-adventskalender.de\/dresden\/en\/wp-json\/wp\/v2\/posts\/436","targetHints":{"allow":["GET"]}}],"collection":[{"href":"https:\/\/stadt-adventskalender.de\/dresden\/en\/wp-json\/wp\/v2\/posts"}],"about":[{"href":"https:\/\/stadt-adventskalender.de\/dresden\/en\/wp-json\/wp\/v2\/types\/post"}],"author":[{"embeddable":true,"href":"https:\/\/stadt-adventskalender.de\/dresden\/en\/wp-json\/wp\/v2\/users\/1"}],"replies":[{"embeddable":true,"href":"https:\/\/stadt-adventskalender.de\/dresden\/en\/wp-json\/wp\/v2\/comments?post=436"}],"version-history":[{"count":7,"href":"https:\/\/stadt-adventskalender.de\/dresden\/en\/wp-json\/wp\/v2\/posts\/436\/revisions"}],"predecessor-version":[{"id":1066,"href":"https:\/\/stadt-adventskalender.de\/dresden\/en\/wp-json\/wp\/v2\/posts\/436\/revisions\/1066"}],"wp:attachment":[{"href":"https:\/\/stadt-adventskalender.de\/dresden\/en\/wp-json\/wp\/v2\/media?parent=436"}],"wp:term":[{"taxonomy":"category","embeddable":true,"href":"https:\/\/stadt-adventskalender.de\/dresden\/en\/wp-json\/wp\/v2\/categories?post=436"},{"taxonomy":"post_tag","embeddable":true,"href":"https:\/\/stadt-adventskalender.de\/dresden\/en\/wp-json\/wp\/v2\/tags?post=436"}],"curies":[{"name":"wp","href":"https:\/\/api.w.org\/{rel}","templated":true}]}}