{"id":82,"date":"2025-12-12T00:00:00","date_gmt":"2025-12-11T23:00:00","guid":{"rendered":"http:\/\/stadt-adventskalender.de\/bautzen\/?p=82"},"modified":"2025-11-17T22:21:00","modified_gmt":"2025-11-17T21:21:00","slug":"12","status":"publish","type":"post","link":"https:\/\/stadt-adventskalender.de\/bautzen\/2025\/12\/12\/12\/","title":{"rendered":"12"},"content":{"rendered":"<h1>12<img loading=\"lazy\" decoding=\"async\" class=\"alignnone wp-image-18 size-full\" src=\"https:\/\/stadt-adventskalender.de\/bautzen\/wp-content\/uploads\/sites\/12\/2018\/11\/12-schwerter.png\" alt=\"\" width=\"300\" height=\"300\" srcset=\"https:\/\/stadt-adventskalender.de\/bautzen\/wp-content\/uploads\/sites\/12\/2018\/11\/12-schwerter.png 300w, https:\/\/stadt-adventskalender.de\/bautzen\/wp-content\/uploads\/sites\/12\/2018\/11\/12-schwerter-150x150.png 150w, https:\/\/stadt-adventskalender.de\/bautzen\/wp-content\/uploads\/sites\/12\/2018\/11\/12-schwerter-100x100.png 100w\" sizes=\"auto, (max-width: 300px) 100vw, 300px\" \/><\/h1>\n<h4>Wappen<\/h4>\n<p>Die beiden zweifeldrigen kurs\u00e4chsischen Wappen am Reichenturm zeigen eine verkleinerte Version des eigentlich vierfeldrigen Wappens des Kurf\u00fcrstentum Sachsen. Die Bautzener Variante ist gespalten, rechts (heraldisch vom Wappen aus gesehen) die Kurw\u00fcrde und das Erzmarschallamt und links (heraldisch vom Wappen aus gesehen) das Herzogtum Sachsen mit dem Rautenkranz. Bekr\u00f6nt wird das Wappen durch den s\u00e4chsischen Kurhut.<\/p>\n","protected":false},"excerpt":{"rendered":"<p>12 Wappen Die beiden zweifeldrigen kurs\u00e4chsischen Wappen am Reichenturm zeigen eine verkleinerte Version des eigentlich vierfeldrigen Wappens des Kurf\u00fcrstentum Sachsen. Die Bautzener Variante ist gespalten, rechts (heraldisch vom Wappen aus gesehen) die Kurw\u00fcrde und das Erzmarschallamt und links (heraldisch vom Wappen aus gesehen) das Herzogtum Sachsen mit dem Rautenkranz. Bekr\u00f6nt wird das Wappen durch den &hellip; <a href=\"https:\/\/stadt-adventskalender.de\/bautzen\/2025\/12\/12\/12\/\" class=\"more-link\"><span class=\"screen-reader-text\">12<\/span> weiterlesen<\/a><\/p>\n","protected":false},"author":1,"featured_media":0,"comment_status":"closed","ping_status":"open","sticky":false,"template":"","format":"standard","meta":{"footnotes":""},"categories":[3,1],"tags":[],"class_list":["post-82","post","type-post","status-publish","format-standard","hentry","category-alle-offenen-tuerchen","category-allgemein"],"translation":{"provider":"WPGlobus","version":"3.0.0","language":"de","enabled_languages":["de"],"languages":{"de":{"title":true,"content":true,"excerpt":false}}},"publishpress_future_action":{"enabled":false,"date":"2026-05-09 10:22:31","action":"change-status","newStatus":"draft","terms":[],"taxonomy":"category","extraData":[]},"publishpress_future_workflow_manual_trigger":{"enabledWorkflows":[]},"_links":{"self":[{"href":"https:\/\/stadt-adventskalender.de\/bautzen\/wp-json\/wp\/v2\/posts\/82","targetHints":{"allow":["GET"]}}],"collection":[{"href":"https:\/\/stadt-adventskalender.de\/bautzen\/wp-json\/wp\/v2\/posts"}],"about":[{"href":"https:\/\/stadt-adventskalender.de\/bautzen\/wp-json\/wp\/v2\/types\/post"}],"author":[{"embeddable":true,"href":"https:\/\/stadt-adventskalender.de\/bautzen\/wp-json\/wp\/v2\/users\/1"}],"replies":[{"embeddable":true,"href":"https:\/\/stadt-adventskalender.de\/bautzen\/wp-json\/wp\/v2\/comments?post=82"}],"version-history":[{"count":5,"href":"https:\/\/stadt-adventskalender.de\/bautzen\/wp-json\/wp\/v2\/posts\/82\/revisions"}],"predecessor-version":[{"id":207,"href":"https:\/\/stadt-adventskalender.de\/bautzen\/wp-json\/wp\/v2\/posts\/82\/revisions\/207"}],"wp:attachment":[{"href":"https:\/\/stadt-adventskalender.de\/bautzen\/wp-json\/wp\/v2\/media?parent=82"}],"wp:term":[{"taxonomy":"category","embeddable":true,"href":"https:\/\/stadt-adventskalender.de\/bautzen\/wp-json\/wp\/v2\/categories?post=82"},{"taxonomy":"post_tag","embeddable":true,"href":"https:\/\/stadt-adventskalender.de\/bautzen\/wp-json\/wp\/v2\/tags?post=82"}],"curies":[{"name":"wp","href":"https:\/\/api.w.org\/{rel}","templated":true}]}}