{"id":38,"date":"2025-12-02T00:00:00","date_gmt":"2025-12-01T23:00:00","guid":{"rendered":"http:\/\/stadt-adventskalender.de\/bautzen\/?p=38"},"modified":"2025-11-17T22:19:50","modified_gmt":"2025-11-17T21:19:50","slug":"02","status":"publish","type":"post","link":"https:\/\/stadt-adventskalender.de\/bautzen\/2025\/12\/02\/02\/","title":{"rendered":"02"},"content":{"rendered":"<h1>2<img loading=\"lazy\" decoding=\"async\" class=\"alignnone wp-image-8 size-full\" src=\"https:\/\/stadt-adventskalender.de\/bautzen\/wp-content\/uploads\/sites\/12\/2018\/11\/2-reichenstrasse-blumen.png\" alt=\"\" width=\"300\" height=\"300\" srcset=\"https:\/\/stadt-adventskalender.de\/bautzen\/wp-content\/uploads\/sites\/12\/2018\/11\/2-reichenstrasse-blumen.png 300w, https:\/\/stadt-adventskalender.de\/bautzen\/wp-content\/uploads\/sites\/12\/2018\/11\/2-reichenstrasse-blumen-150x150.png 150w, https:\/\/stadt-adventskalender.de\/bautzen\/wp-content\/uploads\/sites\/12\/2018\/11\/2-reichenstrasse-blumen-100x100.png 100w\" sizes=\"auto, (max-width: 300px) 100vw, 300px\" \/><\/h1>\n<h4>Fassadenschmuck Reichenstra\u00dfe Bautzen<\/h4>\n<p>Schon 1359 wurde die Reichenstra\u00dfe als \u00bbplatea divitum\u00ab, als \u00bbStra\u00dfe der M\u00e4chtigen, Vornehmen, Reichen\u00ab erw\u00e4hnt. Ihre jetzige Anlage erhielt die Stra\u00dfe nach dem gro\u00dfen Stadtbrand von 1634. Sie bildete das Zentrum des Handels und war die wichtigste Verkehrsstra\u00dfe der Stadt. Die neue noch gr\u00f6\u00dftenteils vorhandene Bebauung entstand im Zuge der Stadtbr\u00e4nde von 1686 und 1709. Die stattlichen B\u00fcrgerhauser sind an den Fassaden reich geschm\u00fcckt \u2013 unter anderem auch mit Blumen und Fr\u00fcchten.<\/p>\n","protected":false},"excerpt":{"rendered":"<p>2 Fassadenschmuck Reichenstra\u00dfe Bautzen Schon 1359 wurde die Reichenstra\u00dfe als \u00bbplatea divitum\u00ab, als \u00bbStra\u00dfe der M\u00e4chtigen, Vornehmen, Reichen\u00ab erw\u00e4hnt. Ihre jetzige Anlage erhielt die Stra\u00dfe nach dem gro\u00dfen Stadtbrand von 1634. Sie bildete das Zentrum des Handels und war die wichtigste Verkehrsstra\u00dfe der Stadt. Die neue noch gr\u00f6\u00dftenteils vorhandene Bebauung entstand im Zuge der Stadtbr\u00e4nde &hellip; <a href=\"https:\/\/stadt-adventskalender.de\/bautzen\/2025\/12\/02\/02\/\" class=\"more-link\"><span class=\"screen-reader-text\">02<\/span> weiterlesen<\/a><\/p>\n","protected":false},"author":1,"featured_media":0,"comment_status":"closed","ping_status":"open","sticky":false,"template":"","format":"standard","meta":{"footnotes":""},"categories":[3,1],"tags":[],"class_list":["post-38","post","type-post","status-publish","format-standard","hentry","category-alle-offenen-tuerchen","category-allgemein"],"translation":{"provider":"WPGlobus","version":"3.0.0","language":"de","enabled_languages":["de"],"languages":{"de":{"title":true,"content":true,"excerpt":false}}},"publishpress_future_action":{"enabled":false,"date":"2026-05-09 12:02:24","action":"change-status","newStatus":"draft","terms":[],"taxonomy":"category","extraData":[]},"publishpress_future_workflow_manual_trigger":{"enabledWorkflows":[]},"_links":{"self":[{"href":"https:\/\/stadt-adventskalender.de\/bautzen\/wp-json\/wp\/v2\/posts\/38","targetHints":{"allow":["GET"]}}],"collection":[{"href":"https:\/\/stadt-adventskalender.de\/bautzen\/wp-json\/wp\/v2\/posts"}],"about":[{"href":"https:\/\/stadt-adventskalender.de\/bautzen\/wp-json\/wp\/v2\/types\/post"}],"author":[{"embeddable":true,"href":"https:\/\/stadt-adventskalender.de\/bautzen\/wp-json\/wp\/v2\/users\/1"}],"replies":[{"embeddable":true,"href":"https:\/\/stadt-adventskalender.de\/bautzen\/wp-json\/wp\/v2\/comments?post=38"}],"version-history":[{"count":4,"href":"https:\/\/stadt-adventskalender.de\/bautzen\/wp-json\/wp\/v2\/posts\/38\/revisions"}],"predecessor-version":[{"id":232,"href":"https:\/\/stadt-adventskalender.de\/bautzen\/wp-json\/wp\/v2\/posts\/38\/revisions\/232"}],"wp:attachment":[{"href":"https:\/\/stadt-adventskalender.de\/bautzen\/wp-json\/wp\/v2\/media?parent=38"}],"wp:term":[{"taxonomy":"category","embeddable":true,"href":"https:\/\/stadt-adventskalender.de\/bautzen\/wp-json\/wp\/v2\/categories?post=38"},{"taxonomy":"post_tag","embeddable":true,"href":"https:\/\/stadt-adventskalender.de\/bautzen\/wp-json\/wp\/v2\/tags?post=38"}],"curies":[{"name":"wp","href":"https:\/\/api.w.org\/{rel}","templated":true}]}}