{"id":135,"date":"2025-12-24T00:00:00","date_gmt":"2025-12-23T23:00:00","guid":{"rendered":"http:\/\/stadt-adventskalender.de\/bautzen\/?p=135"},"modified":"2025-11-17T22:19:30","modified_gmt":"2025-11-17T21:19:30","slug":"24-heute","status":"publish","type":"post","link":"https:\/\/stadt-adventskalender.de\/bautzen\/2025\/12\/24\/24-heute\/","title":{"rendered":"24-heute"},"content":{"rendered":"<h1>24<img loading=\"lazy\" decoding=\"async\" class=\"alignnone wp-image-30 size-full\" src=\"https:\/\/stadt-adventskalender.de\/bautzen\/wp-content\/uploads\/sites\/12\/2018\/11\/24-maria.png\" alt=\"\" width=\"300\" height=\"300\" srcset=\"https:\/\/stadt-adventskalender.de\/bautzen\/wp-content\/uploads\/sites\/12\/2018\/11\/24-maria.png 300w, https:\/\/stadt-adventskalender.de\/bautzen\/wp-content\/uploads\/sites\/12\/2018\/11\/24-maria-150x150.png 150w, https:\/\/stadt-adventskalender.de\/bautzen\/wp-content\/uploads\/sites\/12\/2018\/11\/24-maria-100x100.png 100w\" sizes=\"auto, (max-width: 300px) 100vw, 300px\" \/><\/h1>\n<h4>Maria<\/h4>\n<p>Die farbig gefasste Schnitzplastik der Maria mit dem Jesusknaben ist Teil des Altars der Pfarrkirche zu Sch\u00f6nau auf dem Eigen in der Oberlausitz aus dem Jahre 1499 und befindet sich im Museum Bautzen am Kornmarkt.<br \/>\nDer Altar zeigt unter anderem im Schrein die heilige Katharina, die Maria mit dem Kind und den heiligen Georg mit dem Drachen zu F\u00fcssen, darunter auch die heilige Elisabeth von Th\u00fcringen (mit der Brotschale), die heilige Barbara (mit dem Turm), Maria mit dem Kind, die heilige Margarethe (mit dem Drachen) und die heilige Magdalena (mit dem Salbgef\u00e4\u00df). Es lohnt sich, den Altar (mit vielen weiteren Akteuren) und andere sch\u00f6ne Ausstellungsobjekte im Museum am Kornmarkt zu besuchen.<\/p>\n<h1>Frohe Weihnachten!<\/h1>\n","protected":false},"excerpt":{"rendered":"<p>24 Maria Die farbig gefasste Schnitzplastik der Maria mit dem Jesusknaben ist Teil des Altars der Pfarrkirche zu Sch\u00f6nau auf dem Eigen in der Oberlausitz aus dem Jahre 1499 und befindet sich im Museum Bautzen am Kornmarkt. Der Altar zeigt unter anderem im Schrein die heilige Katharina, die Maria mit dem Kind und den heiligen &hellip; <a href=\"https:\/\/stadt-adventskalender.de\/bautzen\/2025\/12\/24\/24-heute\/\" class=\"more-link\"><span class=\"screen-reader-text\">24-heute<\/span> weiterlesen<\/a><\/p>\n","protected":false},"author":1,"featured_media":0,"comment_status":"closed","ping_status":"open","sticky":false,"template":"","format":"standard","meta":{"footnotes":""},"categories":[3,1,2],"tags":[],"class_list":["post-135","post","type-post","status-publish","format-standard","hentry","category-alle-offenen-tuerchen","category-allgemein","category-heute"],"translation":{"provider":"WPGlobus","version":"3.0.0","language":"de","enabled_languages":["de"],"languages":{"de":{"title":true,"content":true,"excerpt":false}}},"publishpress_future_action":{"enabled":false,"date":"2026-05-09 10:45:23","action":"change-status","newStatus":"draft","terms":[],"taxonomy":"category","extraData":[]},"publishpress_future_workflow_manual_trigger":{"enabledWorkflows":[]},"_links":{"self":[{"href":"https:\/\/stadt-adventskalender.de\/bautzen\/wp-json\/wp\/v2\/posts\/135","targetHints":{"allow":["GET"]}}],"collection":[{"href":"https:\/\/stadt-adventskalender.de\/bautzen\/wp-json\/wp\/v2\/posts"}],"about":[{"href":"https:\/\/stadt-adventskalender.de\/bautzen\/wp-json\/wp\/v2\/types\/post"}],"author":[{"embeddable":true,"href":"https:\/\/stadt-adventskalender.de\/bautzen\/wp-json\/wp\/v2\/users\/1"}],"replies":[{"embeddable":true,"href":"https:\/\/stadt-adventskalender.de\/bautzen\/wp-json\/wp\/v2\/comments?post=135"}],"version-history":[{"count":4,"href":"https:\/\/stadt-adventskalender.de\/bautzen\/wp-json\/wp\/v2\/posts\/135\/revisions"}],"predecessor-version":[{"id":365,"href":"https:\/\/stadt-adventskalender.de\/bautzen\/wp-json\/wp\/v2\/posts\/135\/revisions\/365"}],"wp:attachment":[{"href":"https:\/\/stadt-adventskalender.de\/bautzen\/wp-json\/wp\/v2\/media?parent=135"}],"wp:term":[{"taxonomy":"category","embeddable":true,"href":"https:\/\/stadt-adventskalender.de\/bautzen\/wp-json\/wp\/v2\/categories?post=135"},{"taxonomy":"post_tag","embeddable":true,"href":"https:\/\/stadt-adventskalender.de\/bautzen\/wp-json\/wp\/v2\/tags?post=135"}],"curies":[{"name":"wp","href":"https:\/\/api.w.org\/{rel}","templated":true}]}}