{"id":130,"date":"2025-12-23T00:00:00","date_gmt":"2025-12-22T23:00:00","guid":{"rendered":"http:\/\/stadt-adventskalender.de\/bautzen\/?p=130"},"modified":"2025-11-17T22:22:00","modified_gmt":"2025-11-17T21:22:00","slug":"23","status":"publish","type":"post","link":"https:\/\/stadt-adventskalender.de\/bautzen\/2025\/12\/23\/23\/","title":{"rendered":"23"},"content":{"rendered":"<h1>23<img loading=\"lazy\" decoding=\"async\" class=\"alignnone wp-image-29 size-full\" src=\"https:\/\/stadt-adventskalender.de\/bautzen\/wp-content\/uploads\/sites\/12\/2018\/11\/23-vorhangfenster.png\" alt=\"\" width=\"300\" height=\"300\" srcset=\"https:\/\/stadt-adventskalender.de\/bautzen\/wp-content\/uploads\/sites\/12\/2018\/11\/23-vorhangfenster.png 300w, https:\/\/stadt-adventskalender.de\/bautzen\/wp-content\/uploads\/sites\/12\/2018\/11\/23-vorhangfenster-150x150.png 150w, https:\/\/stadt-adventskalender.de\/bautzen\/wp-content\/uploads\/sites\/12\/2018\/11\/23-vorhangfenster-100x100.png 100w\" sizes=\"auto, (max-width: 300px) 100vw, 300px\" \/><\/h1>\n<h4>Backsteingotik<\/h4>\n<p>Ein Brand zerst\u00f6rte 1598 die Kirche und das Kloster der Franziskaner. Der Komplex wurde sp\u00e4ter nicht wieder aufgebaut. An der S\u00fcdseite des einstigen Refektoriums befindet sich dieses sp\u00e4tgotische Vorhangbogenfenster. In den Ruinen des seit 1562 dem Domkapitel St. Petri geh\u00f6rigen Klosters siedelten sich w\u00e4hrend des Drei\u00dfigj\u00e4hrigen Krieges und sp\u00e4ter immer wieder Menschen an. Sie bilden au\u00dferhalb der st\u00e4dtischen Gerichtsbarkeit\u201c eine eigene Ansiedlung mit einer kleinen Gemeinde. In der \u00bbBudenstadt\u00ab (\u00bbM\u00f6nchskirchensiedlung\u00ab) lebten bis zu ihrer Zerst\u00f6rung durch einen Brand 1894 bis zu 200 Menschen. Die Reste der Klosterruine sind ein Denkmal der gotischen Backsteinbaukunst in der Lausitz.<\/p>\n","protected":false},"excerpt":{"rendered":"<p>23 Backsteingotik Ein Brand zerst\u00f6rte 1598 die Kirche und das Kloster der Franziskaner. Der Komplex wurde sp\u00e4ter nicht wieder aufgebaut. An der S\u00fcdseite des einstigen Refektoriums befindet sich dieses sp\u00e4tgotische Vorhangbogenfenster. In den Ruinen des seit 1562 dem Domkapitel St. Petri geh\u00f6rigen Klosters siedelten sich w\u00e4hrend des Drei\u00dfigj\u00e4hrigen Krieges und sp\u00e4ter immer wieder Menschen an. &hellip; <a href=\"https:\/\/stadt-adventskalender.de\/bautzen\/2025\/12\/23\/23\/\" class=\"more-link\"><span class=\"screen-reader-text\">23<\/span> weiterlesen<\/a><\/p>\n","protected":false},"author":1,"featured_media":0,"comment_status":"closed","ping_status":"open","sticky":false,"template":"","format":"standard","meta":{"footnotes":""},"categories":[3,1],"tags":[],"class_list":["post-130","post","type-post","status-publish","format-standard","hentry","category-alle-offenen-tuerchen","category-allgemein"],"translation":{"provider":"WPGlobus","version":"3.0.0","language":"de","enabled_languages":["de"],"languages":{"de":{"title":true,"content":true,"excerpt":false}}},"publishpress_future_action":{"enabled":false,"date":"2026-05-09 10:22:40","action":"change-status","newStatus":"draft","terms":[],"taxonomy":"category","extraData":[]},"publishpress_future_workflow_manual_trigger":{"enabledWorkflows":[]},"_links":{"self":[{"href":"https:\/\/stadt-adventskalender.de\/bautzen\/wp-json\/wp\/v2\/posts\/130","targetHints":{"allow":["GET"]}}],"collection":[{"href":"https:\/\/stadt-adventskalender.de\/bautzen\/wp-json\/wp\/v2\/posts"}],"about":[{"href":"https:\/\/stadt-adventskalender.de\/bautzen\/wp-json\/wp\/v2\/types\/post"}],"author":[{"embeddable":true,"href":"https:\/\/stadt-adventskalender.de\/bautzen\/wp-json\/wp\/v2\/users\/1"}],"replies":[{"embeddable":true,"href":"https:\/\/stadt-adventskalender.de\/bautzen\/wp-json\/wp\/v2\/comments?post=130"}],"version-history":[{"count":6,"href":"https:\/\/stadt-adventskalender.de\/bautzen\/wp-json\/wp\/v2\/posts\/130\/revisions"}],"predecessor-version":[{"id":132,"href":"https:\/\/stadt-adventskalender.de\/bautzen\/wp-json\/wp\/v2\/posts\/130\/revisions\/132"}],"wp:attachment":[{"href":"https:\/\/stadt-adventskalender.de\/bautzen\/wp-json\/wp\/v2\/media?parent=130"}],"wp:term":[{"taxonomy":"category","embeddable":true,"href":"https:\/\/stadt-adventskalender.de\/bautzen\/wp-json\/wp\/v2\/categories?post=130"},{"taxonomy":"post_tag","embeddable":true,"href":"https:\/\/stadt-adventskalender.de\/bautzen\/wp-json\/wp\/v2\/tags?post=130"}],"curies":[{"name":"wp","href":"https:\/\/api.w.org\/{rel}","templated":true}]}}