{"id":122,"date":"2025-12-21T00:00:00","date_gmt":"2025-12-20T23:00:00","guid":{"rendered":"http:\/\/stadt-adventskalender.de\/bautzen\/?p=122"},"modified":"2025-11-17T22:21:46","modified_gmt":"2025-11-17T21:21:46","slug":"21","status":"publish","type":"post","link":"https:\/\/stadt-adventskalender.de\/bautzen\/2025\/12\/21\/21\/","title":{"rendered":"21"},"content":{"rendered":"<h1>21<img loading=\"lazy\" decoding=\"async\" class=\"alignnone wp-image-27 size-full\" src=\"https:\/\/stadt-adventskalender.de\/bautzen\/wp-content\/uploads\/sites\/12\/2018\/11\/21-schnurkeramik.png\" alt=\"\" width=\"300\" height=\"300\" srcset=\"https:\/\/stadt-adventskalender.de\/bautzen\/wp-content\/uploads\/sites\/12\/2018\/11\/21-schnurkeramik.png 300w, https:\/\/stadt-adventskalender.de\/bautzen\/wp-content\/uploads\/sites\/12\/2018\/11\/21-schnurkeramik-150x150.png 150w, https:\/\/stadt-adventskalender.de\/bautzen\/wp-content\/uploads\/sites\/12\/2018\/11\/21-schnurkeramik-100x100.png 100w\" sizes=\"auto, (max-width: 300px) 100vw, 300px\" \/><\/h1>\n<h4>Schnurkeramik<\/h4>\n<p>Der Buchh\u00e4ndler Oskar Roesger stellte dem Stadtrat 1869 seine umfangreiche Sammlung von arch\u00e4ologischen Objekten und St\u00fccken zur Bautzener und Oberlausitzer Geschichte f\u00fcr das im Aufbau befindliche ,Alterthumsmuseum der Stadt Bautzen\u2019 zur Verf\u00fcgung. Das Museum ist heute am Kornmarkt neben dem Reichenturm untergebracht. Es beherbergt eine der bedeutendsten kultur- und kunstgeschichtlichen Sammlungen der Oberlausitz mit den Abteilungen Arch\u00e4ologie, Volkskunde, Stadtgeschichte und Bildender Kunst. In der arch\u00e4ologischen Abteilung des Museums steht dieser Schnurkeramikbecher.<\/p>\n","protected":false},"excerpt":{"rendered":"<p>21 Schnurkeramik Der Buchh\u00e4ndler Oskar Roesger stellte dem Stadtrat 1869 seine umfangreiche Sammlung von arch\u00e4ologischen Objekten und St\u00fccken zur Bautzener und Oberlausitzer Geschichte f\u00fcr das im Aufbau befindliche ,Alterthumsmuseum der Stadt Bautzen\u2019 zur Verf\u00fcgung. Das Museum ist heute am Kornmarkt neben dem Reichenturm untergebracht. Es beherbergt eine der bedeutendsten kultur- und kunstgeschichtlichen Sammlungen der Oberlausitz &hellip; <a href=\"https:\/\/stadt-adventskalender.de\/bautzen\/2025\/12\/21\/21\/\" class=\"more-link\"><span class=\"screen-reader-text\">21<\/span> weiterlesen<\/a><\/p>\n","protected":false},"author":1,"featured_media":0,"comment_status":"closed","ping_status":"open","sticky":false,"template":"","format":"standard","meta":{"footnotes":""},"categories":[3,1],"tags":[],"class_list":["post-122","post","type-post","status-publish","format-standard","hentry","category-alle-offenen-tuerchen","category-allgemein"],"translation":{"provider":"WPGlobus","version":"3.0.0","language":"de","enabled_languages":["de"],"languages":{"de":{"title":true,"content":true,"excerpt":false}}},"publishpress_future_action":{"enabled":false,"date":"2026-05-08 11:05:26","action":"change-status","newStatus":"draft","terms":[],"taxonomy":"category","extraData":[]},"publishpress_future_workflow_manual_trigger":{"enabledWorkflows":[]},"_links":{"self":[{"href":"https:\/\/stadt-adventskalender.de\/bautzen\/wp-json\/wp\/v2\/posts\/122","targetHints":{"allow":["GET"]}}],"collection":[{"href":"https:\/\/stadt-adventskalender.de\/bautzen\/wp-json\/wp\/v2\/posts"}],"about":[{"href":"https:\/\/stadt-adventskalender.de\/bautzen\/wp-json\/wp\/v2\/types\/post"}],"author":[{"embeddable":true,"href":"https:\/\/stadt-adventskalender.de\/bautzen\/wp-json\/wp\/v2\/users\/1"}],"replies":[{"embeddable":true,"href":"https:\/\/stadt-adventskalender.de\/bautzen\/wp-json\/wp\/v2\/comments?post=122"}],"version-history":[{"count":5,"href":"https:\/\/stadt-adventskalender.de\/bautzen\/wp-json\/wp\/v2\/posts\/122\/revisions"}],"predecessor-version":[{"id":124,"href":"https:\/\/stadt-adventskalender.de\/bautzen\/wp-json\/wp\/v2\/posts\/122\/revisions\/124"}],"wp:attachment":[{"href":"https:\/\/stadt-adventskalender.de\/bautzen\/wp-json\/wp\/v2\/media?parent=122"}],"wp:term":[{"taxonomy":"category","embeddable":true,"href":"https:\/\/stadt-adventskalender.de\/bautzen\/wp-json\/wp\/v2\/categories?post=122"},{"taxonomy":"post_tag","embeddable":true,"href":"https:\/\/stadt-adventskalender.de\/bautzen\/wp-json\/wp\/v2\/tags?post=122"}],"curies":[{"name":"wp","href":"https:\/\/api.w.org\/{rel}","templated":true}]}}